{"id":1333,"date":"2019-12-13T15:09:13","date_gmt":"2019-12-13T14:09:13","guid":{"rendered":"http:\/\/blog.solstis.ch\/?p=1333"},"modified":"2019-12-13T15:19:11","modified_gmt":"2019-12-13T14:19:11","slug":"les-subventions-et-le-potentiel-solaire","status":"publish","type":"post","link":"https:\/\/blog.solstis.ch\/index.php\/fr\/2019\/12\/13\/les-subventions-et-le-potentiel-solaire\/","title":{"rendered":"Les subventions et le potentiel solaire"},"content":{"rendered":"\n<p> [&nbsp;<strong>Article paru dans Propri\u00e9taire Magazine&nbsp; \u2013 proprietaire.ch<\/strong>&nbsp;] <\/p>\n\n\n\n<h3 class=\"wp-block-heading\">Face aux nouveaux enjeux climatiques, un vaste mouvement d\u2019action est aujourd\u2019hui mis en place pour remplacer les \u00e9nergies fossiles par des \u00e9nergies renouvelables. <\/h3>\n\n\n\n<p><strong>Les statistiques annoncent que la totalit\u00e9 des surfaces de toitures et de fa\u00e7ades pourrait couvrir 40% de la consommation d\u2019\u00e9lectricit\u00e9 en Suisse.<\/strong><\/p>\n\n\n\n<p>Le calculateur solaire d\u00e9velopp\u00e9 par l\u2019entreprise Solstis, leader dans le domaine du solaire photovolta\u00efque en Suisse Romande, est accessible sur le site <a rel=\"noreferrer noopener\" aria-label=\"https:\/\/solstis.ch\/ calculateur-solaire\/ (opens in a new tab)\" href=\"https:\/\/solstis.ch\/ calculateur-solaire\/\" target=\"_blank\">https:\/\/solstis.ch\/ calculateur-solaire\/<\/a>. Ce programme permet de d\u00e9terminer le potentiel de chaque toiture ainsi que d\u2019\u00e9valuer le budget d\u2019investissement, les subventions, la dur\u00e9e d\u2019amortissement et l\u2019autonomie \u00e9nerg\u00e9tique d\u2019une installation adapt\u00e9e aux besoins des occupants et \u00e0 la configuration du toit. <\/p>\n\n\n\n<p>S\u2019\u00e9quiper de panneaux solaires n\u2019a jamais \u00e9t\u00e9 aussi attrayant. La Conf\u00e9d\u00e9ration soutient et encourage les installations photovolta\u00efques en octroyant diff\u00e9rents subsides et aides dont notamment une contribution d\u2019investissement unique pour des installations allant d\u2019une puissance de 2 \u00e0 99 kW (soit de 10 m2 \u00e0 500 m2). Cette r\u00e9tribution permet de couvrir jusqu\u2019\u00e0 30% des co\u00fbts de l\u2019installation. En plus des aides communales et f\u00e9d\u00e9rales, il est possible de se voir accorder une d\u00e9duction fiscale \u00e0 la suite de l\u2019achat d\u2019une installation solaire. Combin\u00e9e \u00e0 la subvention f\u00e9d\u00e9rale, le budget d\u2019investissement d\u2019un \u00e9quipement solaire peut \u00eatre divis\u00e9 par deux. En plus, dans certaines communes vient encore s\u2019ajouter une subvention communale (se renseigner aupr\u00e8s de sa commune \u00e0 ce propos). <\/p>\n\n\n\n<p>Dans tous les cas, les conseillers Solstis assistent les propri\u00e9taires dans le montage du dossier administratif. \u00ab Les propri\u00e9taires demandent syst\u00e9matiquement une estimation des gains et des \u00e9conomies d\u2019une installation photovolta\u00efque chez eux, c\u2019est pourquoi nous avons d\u00e9velopp\u00e9 un outil sp\u00e9cifique pour les r\u00e9sidentiels \u00bb indique Karni Siraganyan, ing\u00e9nieure dipl\u00f4m\u00e9e EPFL au bureau d\u2019\u00e9tude Solstis. <\/p>\n\n\n\n<p>L\u2019outil calcule principalement deux indicateurs de performance du syst\u00e8me \u00e0 savoir le taux d\u2019autoconsommation et le taux d\u2019autonomie en tenant compte des param\u00e8tres du type de chauffage, orientation et inclinaison du syst\u00e8me, nombre d\u2019occupants dans l\u2019habitat et taille de l\u2019installation solaire. Pour rappel, le taux d\u2019autoconsommation correspond \u00e0 la part de la production photovolta\u00efque qui peut \u00eatre consomm\u00e9e directement par le b\u00e2timent et qui n\u2019est pas inject\u00e9e dans le r\u00e9seau de distribution. Le taux d\u2019autonomie, lui, correspond \u00e0 la part de la consommation d\u2019\u00e9lectricit\u00e9 d\u2019un b\u00e2timent directement couverte par sa production photovolta\u00efque et qui n\u2019est pas soutir\u00e9e du r\u00e9seau de distribution.<\/p>\n\n\n\n<p><strong>Prenons un exemple pour une villa avec les  caract\u00e9ristiques suivantes :<\/strong><br> \u2022 Nombre de personnes : 4<br> \u2022 Type de chauffage : Pompe \u00e0 chaleur<br> \u2022 Orientation : Sud-Ouest (+20\u00b0)<br> \u2022 Inclinaison (+40\u00b0)<\/p>\n\n\n\n<p>La consommation \u00e9lectrique annuelle moyenne pour une villa de 4 personnes ayant une pompe \u00e0 chaleur est estim\u00e9e \u00e0 11\u2019500 kWh achemin\u00e9s par le fournisseur d\u2019\u00e9lectricit\u00e9 \u00e0 un tarif d\u2019achat moyen de 22 centimes de CHF par kWh soit une charge annuelle de 2\u2019530 CHF par ann\u00e9e. La mise en oeuvre d\u2019une installation solaire de 15 modules pour une puissance de 5 kWc permettra \u00e0 ce foyer de produire plus de 5\u2019500 kWh annuels d\u2019\u00e9nergie propre.<\/p>\n\n\n\n<p>La simulation effectu\u00e9e par l\u2019outil en ligne <a rel=\"noreferrer noopener\" aria-label=\"https:\/\/solstis.ch\/calculateur- solaire\/ (opens in a new tab)\" href=\"https:\/\/solstis.ch\/calculateur- solaire\/\" target=\"_blank\">https:\/\/solstis.ch\/calculateur- solaire\/<\/a> permet d\u2019\u00e9tablir que pour cette villa le taux estim\u00e9 d\u2019autoconsommation sera de 75% autrement dit, 4\u2019125 kWh solaires en moins sur la facture annuelle d\u2019\u00e9lectricit\u00e9 et une \u00e9conomie de charge de 908 CHF par ann\u00e9e. Le solde de la production solaire (25%) soient 1\u2019375 kWh seront r\u00e9inject\u00e9s sur le r\u00e9seau \u00e9lectrique et rachet\u00e9 \u00e0 un tarif sp\u00e9cifique par le fournisseur local. Chaque distributeur est libre d\u2019appliquer sa politique de rachat. Le site <a rel=\"noreferrer noopener\" aria-label=\"https:\/\/www.vese.ch\/fr\/pvtarif\/ (opens in a new tab)\" href=\"https:\/\/www.vese.ch\/fr\/pvtarif\/\" target=\"_blank\">https:\/\/www.vese.ch\/fr\/pvtarif\/<\/a> pr\u00e9sente une carte interactive des tarifs de reprise pour les diff\u00e9rents distributeurs Suisse. Par exemple, ce tarif est de 10.97 cts\/kWh pour le r\u00e9seau des SIG et de 10.96 cts\/kWh pour le r\u00e9seau Viteos ou encore 8.16 cts\/kWh sur le r\u00e9seau de la Romande Energie. Cela correspond \u00e0 des revenus suppl\u00e9mentaires allant de 110 CHF sur la Romande  jusqu\u2019\u00e0 150 CHF pour les SIG et Viteos.<\/p>\n\n\n\n<p><strong>Estimation des gains et des \u00e9conomies :<\/strong><br> \u2022 Prix d\u2019achat de l\u2019installation solaire : <strong>14\u2019500 CHF TTC<\/strong><br> \u2022 Remise sp\u00e9ciale Propri\u00e9taire : <strong>-500 CHF HT<\/strong><br> \u2022 Subvention (RU) pour une installation appos\u00e9e \u00e0 la toiture : <strong> -3\u2019100 CHF TTC<\/strong><br> \u2022 D\u00e9duction fiscale :  <strong>-2\u2019725 CHF TTC<\/strong><br> \u2022 Co\u00fbt total net : <strong>8\u2019175 CHF TTC<\/strong><br> \u2022 Temps de retour sur l\u2019investissement : <strong>7 \u00e0 8 ans<\/strong><\/p>\n\n\n\n<p>Cette installation solaire constitue une premi\u00e8re \u00e9tape pour ce  foyer qui pourra trouver dans les conseils de Solstis d\u2019autres solutions  pour augmenter son taux d\u2019autoconsommation.<\/p>\n\n\n\n<p>Solstis s\u2019est adapt\u00e9 \u00e0 la demande du march\u00e9 pour proposer des solutions et services qui m\u00e8nent les propri\u00e9taires \u00e0 la r\u00e9ussite de leur transition \u00e9nerg\u00e9tique : solution de stockage avec batterie, installation de boilers thermodynamiques, pose de bornes de recharge, contrat de suivi et de maintenance, diagnostic CECB, diagnostic amiante et assainissement de toiture. Solstis b\u00e9n\u00e9ficie d\u2019une exp\u00e9rience solide pour accompagner chaque projet d\u2019optimisation de l\u2019autoconsommation et r\u00e9duction de la facture d\u2019\u00e9nergie.<\/p>\n\n\n\n<p><strong>En guise de conclusion :<\/strong><\/p>\n\n\n\n<p><p> Diff\u00e9rentes applications existent actuellement pour analyser le potentiel solaire de la toiture des b\u00e2timents. Et sachant que les aides financi\u00e8res permettent de r\u00e9duire consid\u00e9rablement le co\u00fbt d\u2019une nouvelle installation, opter pour une \u00e9nergie renouvelable n\u2019a jamais \u00e9t\u00e9 aussi avantageux, autant d\u2019un point de vue \u00e9conomique qu\u2019\u00e9cologique. <\/p>\n\n<div class=\"download-pdf\"> <a href=\"https:\/\/blog.solstis.ch\/wp-content\/uploads\/2019\/12\/PROPRIETAIRE_11_VAUD_64-65-Solstis.pdf\" target=\"_blank\" rel=\"noopener noreferrer\">T\u00e9l\u00e9charger en PDF<\/a><\/div><\/p>\n","protected":false},"excerpt":{"rendered":"<p>Article paru dans Propri\u00e9taire Magazine  \u2013 proprietaire.ch<\/p>\n","protected":false},"author":1,"featured_media":1334,"comment_status":"closed","ping_status":"open","sticky":true,"template":"","format":"standard","meta":{"jetpack_post_was_ever_published":false,"_jetpack_newsletter_access":"","_jetpack_dont_email_post_to_subs":false,"_jetpack_newsletter_tier_id":0,"_jetpack_memberships_contains_paywalled_content":false,"_jetpack_memberships_contains_paid_content":false,"footnotes":"","jetpack_publicize_message":"","jetpack_publicize_feature_enabled":true,"jetpack_social_post_already_shared":true,"jetpack_social_options":{"image_generator_settings":{"template":"highway","enabled":false},"version":2}},"categories":[115,54,33,224],"tags":[],"class_list":["post-1333","post","type-post","status-publish","format-standard","has-post-thumbnail","hentry","category-actualite","category-economie","category-energie","category-solstis"],"jetpack_publicize_connections":[],"yoast_head":"<!-- This site is optimized with the Yoast SEO plugin v23.8 - https:\/\/yoast.com\/wordpress\/plugins\/seo\/ -->\n<title>Les subventions et le potentiel solaire - Solstis<\/title>\n<meta name=\"robots\" content=\"index, follow, max-snippet:-1, max-image-preview:large, max-video-preview:-1\" \/>\n<link rel=\"canonical\" href=\"https:\/\/blog.solstis.ch\/index.php\/fr\/2019\/12\/13\/les-subventions-et-le-potentiel-solaire\/\" \/>\n<meta property=\"og:locale\" content=\"fr_FR\" \/>\n<meta property=\"og:type\" content=\"article\" \/>\n<meta property=\"og:title\" content=\"Les subventions et le potentiel solaire - Solstis\" \/>\n<meta property=\"og:description\" content=\"Article paru dans Propri\u00e9taire Magazine \u2013 proprietaire.ch\" \/>\n<meta property=\"og:url\" content=\"https:\/\/blog.solstis.ch\/index.php\/fr\/2019\/12\/13\/les-subventions-et-le-potentiel-solaire\/\" \/>\n<meta property=\"og:site_name\" content=\"Solstis\" \/>\n<meta property=\"article:published_time\" content=\"2019-12-13T14:09:13+00:00\" \/>\n<meta property=\"article:modified_time\" content=\"2019-12-13T14:19:11+00:00\" \/>\n<meta property=\"og:image\" content=\"http:\/\/blog.solstis.ch\/wp-content\/uploads\/2019\/12\/magazine-proprietaire-subventions-potentiel-solaire-solstis.jpg\" \/>\n\t<meta property=\"og:image:width\" content=\"1279\" \/>\n\t<meta property=\"og:image:height\" content=\"834\" \/>\n\t<meta property=\"og:image:type\" content=\"image\/jpeg\" \/>\n<meta name=\"author\" content=\"admin\" \/>\n<meta name=\"twitter:card\" content=\"summary_large_image\" \/>\n<meta name=\"twitter:label1\" content=\"\u00c9crit par\" \/>\n\t<meta name=\"twitter:data1\" content=\"admin\" \/>\n\t<meta name=\"twitter:label2\" content=\"Dur\u00e9e de lecture estim\u00e9e\" \/>\n\t<meta name=\"twitter:data2\" content=\"5 minutes\" \/>\n<script type=\"application\/ld+json\" class=\"yoast-schema-graph\">{\"@context\":\"https:\/\/schema.org\",\"@graph\":[{\"@type\":\"WebPage\",\"@id\":\"https:\/\/blog.solstis.ch\/index.php\/fr\/2019\/12\/13\/les-subventions-et-le-potentiel-solaire\/\",\"url\":\"https:\/\/blog.solstis.ch\/index.php\/fr\/2019\/12\/13\/les-subventions-et-le-potentiel-solaire\/\",\"name\":\"Les subventions et le potentiel solaire - Solstis\",\"isPartOf\":{\"@id\":\"https:\/\/blog.solstis.ch\/#website\"},\"primaryImageOfPage\":{\"@id\":\"https:\/\/blog.solstis.ch\/index.php\/fr\/2019\/12\/13\/les-subventions-et-le-potentiel-solaire\/#primaryimage\"},\"image\":{\"@id\":\"https:\/\/blog.solstis.ch\/index.php\/fr\/2019\/12\/13\/les-subventions-et-le-potentiel-solaire\/#primaryimage\"},\"thumbnailUrl\":\"https:\/\/blog.solstis.ch\/wp-content\/uploads\/2019\/12\/magazine-proprietaire-subventions-potentiel-solaire-solstis.jpg\",\"datePublished\":\"2019-12-13T14:09:13+00:00\",\"dateModified\":\"2019-12-13T14:19:11+00:00\",\"author\":{\"@id\":\"https:\/\/blog.solstis.ch\/#\/schema\/person\/5a9f5ef0a66b3e68c712ab62eeb4a1f9\"},\"breadcrumb\":{\"@id\":\"https:\/\/blog.solstis.ch\/index.php\/fr\/2019\/12\/13\/les-subventions-et-le-potentiel-solaire\/#breadcrumb\"},\"inLanguage\":\"fr-FR\",\"potentialAction\":[{\"@type\":\"ReadAction\",\"target\":[\"https:\/\/blog.solstis.ch\/index.php\/fr\/2019\/12\/13\/les-subventions-et-le-potentiel-solaire\/\"]}]},{\"@type\":\"ImageObject\",\"inLanguage\":\"fr-FR\",\"@id\":\"https:\/\/blog.solstis.ch\/index.php\/fr\/2019\/12\/13\/les-subventions-et-le-potentiel-solaire\/#primaryimage\",\"url\":\"https:\/\/blog.solstis.ch\/wp-content\/uploads\/2019\/12\/magazine-proprietaire-subventions-potentiel-solaire-solstis.jpg\",\"contentUrl\":\"https:\/\/blog.solstis.ch\/wp-content\/uploads\/2019\/12\/magazine-proprietaire-subventions-potentiel-solaire-solstis.jpg\",\"width\":1279,\"height\":834},{\"@type\":\"BreadcrumbList\",\"@id\":\"https:\/\/blog.solstis.ch\/index.php\/fr\/2019\/12\/13\/les-subventions-et-le-potentiel-solaire\/#breadcrumb\",\"itemListElement\":[{\"@type\":\"ListItem\",\"position\":1,\"name\":\"Accueil\",\"item\":\"https:\/\/blog.solstis.ch\/index.php\/fr\/blog\/\"},{\"@type\":\"ListItem\",\"position\":2,\"name\":\"Les subventions et le potentiel solaire\"}]},{\"@type\":\"WebSite\",\"@id\":\"https:\/\/blog.solstis.ch\/#website\",\"url\":\"https:\/\/blog.solstis.ch\/\",\"name\":\"Solstis\",\"description\":\"Solstis, donner au monde l&#039;\u00e9nergie d&#039;\u00eatre durable.\",\"potentialAction\":[{\"@type\":\"SearchAction\",\"target\":{\"@type\":\"EntryPoint\",\"urlTemplate\":\"https:\/\/blog.solstis.ch\/?s={search_term_string}\"},\"query-input\":{\"@type\":\"PropertyValueSpecification\",\"valueRequired\":true,\"valueName\":\"search_term_string\"}}],\"inLanguage\":\"fr-FR\"},{\"@type\":\"Person\",\"@id\":\"https:\/\/blog.solstis.ch\/#\/schema\/person\/5a9f5ef0a66b3e68c712ab62eeb4a1f9\",\"name\":\"admin\",\"image\":{\"@type\":\"ImageObject\",\"inLanguage\":\"fr-FR\",\"@id\":\"https:\/\/blog.solstis.ch\/#\/schema\/person\/image\/\",\"url\":\"https:\/\/secure.gravatar.com\/avatar\/8ba8fd08281e45cafc408887276f0396?s=96&d=mm&r=g\",\"contentUrl\":\"https:\/\/secure.gravatar.com\/avatar\/8ba8fd08281e45cafc408887276f0396?s=96&d=mm&r=g\",\"caption\":\"admin\"},\"url\":\"https:\/\/blog.solstis.ch\/index.php\/author\/admin\/\"}]}<\/script>\n<!-- \/ Yoast SEO plugin. -->","yoast_head_json":{"title":"Les subventions et le potentiel solaire - Solstis","robots":{"index":"index","follow":"follow","max-snippet":"max-snippet:-1","max-image-preview":"max-image-preview:large","max-video-preview":"max-video-preview:-1"},"canonical":"https:\/\/blog.solstis.ch\/index.php\/fr\/2019\/12\/13\/les-subventions-et-le-potentiel-solaire\/","og_locale":"fr_FR","og_type":"article","og_title":"Les subventions et le potentiel solaire - Solstis","og_description":"Article paru dans Propri\u00e9taire Magazine \u2013 proprietaire.ch","og_url":"https:\/\/blog.solstis.ch\/index.php\/fr\/2019\/12\/13\/les-subventions-et-le-potentiel-solaire\/","og_site_name":"Solstis","article_published_time":"2019-12-13T14:09:13+00:00","article_modified_time":"2019-12-13T14:19:11+00:00","og_image":[{"width":1279,"height":834,"url":"http:\/\/blog.solstis.ch\/wp-content\/uploads\/2019\/12\/magazine-proprietaire-subventions-potentiel-solaire-solstis.jpg","type":"image\/jpeg"}],"author":"admin","twitter_card":"summary_large_image","twitter_misc":{"\u00c9crit par":"admin","Dur\u00e9e de lecture estim\u00e9e":"5 minutes"},"schema":{"@context":"https:\/\/schema.org","@graph":[{"@type":"WebPage","@id":"https:\/\/blog.solstis.ch\/index.php\/fr\/2019\/12\/13\/les-subventions-et-le-potentiel-solaire\/","url":"https:\/\/blog.solstis.ch\/index.php\/fr\/2019\/12\/13\/les-subventions-et-le-potentiel-solaire\/","name":"Les subventions et le potentiel solaire - Solstis","isPartOf":{"@id":"https:\/\/blog.solstis.ch\/#website"},"primaryImageOfPage":{"@id":"https:\/\/blog.solstis.ch\/index.php\/fr\/2019\/12\/13\/les-subventions-et-le-potentiel-solaire\/#primaryimage"},"image":{"@id":"https:\/\/blog.solstis.ch\/index.php\/fr\/2019\/12\/13\/les-subventions-et-le-potentiel-solaire\/#primaryimage"},"thumbnailUrl":"https:\/\/blog.solstis.ch\/wp-content\/uploads\/2019\/12\/magazine-proprietaire-subventions-potentiel-solaire-solstis.jpg","datePublished":"2019-12-13T14:09:13+00:00","dateModified":"2019-12-13T14:19:11+00:00","author":{"@id":"https:\/\/blog.solstis.ch\/#\/schema\/person\/5a9f5ef0a66b3e68c712ab62eeb4a1f9"},"breadcrumb":{"@id":"https:\/\/blog.solstis.ch\/index.php\/fr\/2019\/12\/13\/les-subventions-et-le-potentiel-solaire\/#breadcrumb"},"inLanguage":"fr-FR","potentialAction":[{"@type":"ReadAction","target":["https:\/\/blog.solstis.ch\/index.php\/fr\/2019\/12\/13\/les-subventions-et-le-potentiel-solaire\/"]}]},{"@type":"ImageObject","inLanguage":"fr-FR","@id":"https:\/\/blog.solstis.ch\/index.php\/fr\/2019\/12\/13\/les-subventions-et-le-potentiel-solaire\/#primaryimage","url":"https:\/\/blog.solstis.ch\/wp-content\/uploads\/2019\/12\/magazine-proprietaire-subventions-potentiel-solaire-solstis.jpg","contentUrl":"https:\/\/blog.solstis.ch\/wp-content\/uploads\/2019\/12\/magazine-proprietaire-subventions-potentiel-solaire-solstis.jpg","width":1279,"height":834},{"@type":"BreadcrumbList","@id":"https:\/\/blog.solstis.ch\/index.php\/fr\/2019\/12\/13\/les-subventions-et-le-potentiel-solaire\/#breadcrumb","itemListElement":[{"@type":"ListItem","position":1,"name":"Accueil","item":"https:\/\/blog.solstis.ch\/index.php\/fr\/blog\/"},{"@type":"ListItem","position":2,"name":"Les subventions et le potentiel solaire"}]},{"@type":"WebSite","@id":"https:\/\/blog.solstis.ch\/#website","url":"https:\/\/blog.solstis.ch\/","name":"Solstis","description":"Solstis, donner au monde l&#039;\u00e9nergie d&#039;\u00eatre durable.","potentialAction":[{"@type":"SearchAction","target":{"@type":"EntryPoint","urlTemplate":"https:\/\/blog.solstis.ch\/?s={search_term_string}"},"query-input":{"@type":"PropertyValueSpecification","valueRequired":true,"valueName":"search_term_string"}}],"inLanguage":"fr-FR"},{"@type":"Person","@id":"https:\/\/blog.solstis.ch\/#\/schema\/person\/5a9f5ef0a66b3e68c712ab62eeb4a1f9","name":"admin","image":{"@type":"ImageObject","inLanguage":"fr-FR","@id":"https:\/\/blog.solstis.ch\/#\/schema\/person\/image\/","url":"https:\/\/secure.gravatar.com\/avatar\/8ba8fd08281e45cafc408887276f0396?s=96&d=mm&r=g","contentUrl":"https:\/\/secure.gravatar.com\/avatar\/8ba8fd08281e45cafc408887276f0396?s=96&d=mm&r=g","caption":"admin"},"url":"https:\/\/blog.solstis.ch\/index.php\/author\/admin\/"}]}},"jetpack_sharing_enabled":true,"jetpack_featured_media_url":"https:\/\/blog.solstis.ch\/wp-content\/uploads\/2019\/12\/magazine-proprietaire-subventions-potentiel-solaire-solstis.jpg","jetpack_shortlink":"https:\/\/wp.me\/pa0tUs-lv","_links":{"self":[{"href":"https:\/\/blog.solstis.ch\/index.php\/wp-json\/wp\/v2\/posts\/1333","targetHints":{"allow":["GET"]}}],"collection":[{"href":"https:\/\/blog.solstis.ch\/index.php\/wp-json\/wp\/v2\/posts"}],"about":[{"href":"https:\/\/blog.solstis.ch\/index.php\/wp-json\/wp\/v2\/types\/post"}],"author":[{"embeddable":true,"href":"https:\/\/blog.solstis.ch\/index.php\/wp-json\/wp\/v2\/users\/1"}],"replies":[{"embeddable":true,"href":"https:\/\/blog.solstis.ch\/index.php\/wp-json\/wp\/v2\/comments?post=1333"}],"version-history":[{"count":8,"href":"https:\/\/blog.solstis.ch\/index.php\/wp-json\/wp\/v2\/posts\/1333\/revisions"}],"predecessor-version":[{"id":1346,"href":"https:\/\/blog.solstis.ch\/index.php\/wp-json\/wp\/v2\/posts\/1333\/revisions\/1346"}],"wp:featuredmedia":[{"embeddable":true,"href":"https:\/\/blog.solstis.ch\/index.php\/wp-json\/wp\/v2\/media\/1334"}],"wp:attachment":[{"href":"https:\/\/blog.solstis.ch\/index.php\/wp-json\/wp\/v2\/media?parent=1333"}],"wp:term":[{"taxonomy":"category","embeddable":true,"href":"https:\/\/blog.solstis.ch\/index.php\/wp-json\/wp\/v2\/categories?post=1333"},{"taxonomy":"post_tag","embeddable":true,"href":"https:\/\/blog.solstis.ch\/index.php\/wp-json\/wp\/v2\/tags?post=1333"}],"curies":[{"name":"wp","href":"https:\/\/api.w.org\/{rel}","templated":true}]}}