{"id":1324,"date":"2019-11-29T13:45:09","date_gmt":"2019-11-29T12:45:09","guid":{"rendered":"http:\/\/blog.solstis.ch\/?p=1324"},"modified":"2019-11-29T13:47:26","modified_gmt":"2019-11-29T12:47:26","slug":"dernieres-nouvelles-des-chantiers-novembre-2019","status":"publish","type":"post","link":"https:\/\/blog.solstis.ch\/index.php\/fr\/2019\/11\/29\/dernieres-nouvelles-des-chantiers-novembre-2019\/","title":{"rendered":"Derni\u00e8res nouvelles des chantiers [novembre 2019]"},"content":{"rendered":"\n<h3 class=\"wp-block-heading\"> Chantier \u00e0 La Tour-de-Peilz<\/h3>\n\n\n\n<p>R\u00e9alisation d\u2019une installation solaire de couleur \u00ab\u00a0Terracotta\u00a0\u00bb en int\u00e9gration parfaite au centre-ville.<\/p>\n\n\n\n<p> Un grand merci \u00e0 la commune de La Tour-de-Peilz pour sa confiance et \u00e0 nos collaborateurs pour leur travail ! <\/p>\n\n\n\n<hr class=\"wp-block-separator\"\/>\n\n\n\n<h3 class=\"wp-block-heading\">Chantier du Mad \u00e0 Lausanne <\/h3>\n\n\n\n<p> Des panneaux photovolta\u00efques sur le toit du c\u00e9l\u00e8bre club lausannois. Une r\u00e9alisation en partenariat avec la soci\u00e9t\u00e9 d\u2019investissement renouvelable de la ville de Lausanne : <a rel=\"noreferrer noopener\" target=\"_blank\" href=\"http:\/\/www.si-ren.ch\/\">www.si-ren.ch<\/a> <\/p>\n\n\n\n<p>Merci au MO pour sa confiance et \u00e0 nos collaborateurs pour leur travail. <\/p>\n\n\n\n<figure class=\"wp-block-image size-large\"><img loading=\"lazy\" decoding=\"async\" width=\"800\" height=\"532\" src=\"https:\/\/blog.solstis.ch\/wp-content\/uploads\/2019\/11\/Solstis_chantier_Mad_Lausanne.jpg\" alt=\"\" class=\"wp-image-1326\" srcset=\"https:\/\/blog.solstis.ch\/wp-content\/uploads\/2019\/11\/Solstis_chantier_Mad_Lausanne.jpg 800w, https:\/\/blog.solstis.ch\/wp-content\/uploads\/2019\/11\/Solstis_chantier_Mad_Lausanne-300x200.jpg 300w, https:\/\/blog.solstis.ch\/wp-content\/uploads\/2019\/11\/Solstis_chantier_Mad_Lausanne-768x511.jpg 768w, https:\/\/blog.solstis.ch\/wp-content\/uploads\/2019\/11\/Solstis_chantier_Mad_Lausanne-451x300.jpg 451w\" sizes=\"auto, (max-width: 800px) 100vw, 800px\" \/><\/figure>\n\n\n\n<hr class=\"wp-block-separator\"\/>\n\n\n\n<h3 class=\"wp-block-heading\">Chantier  \u00e0 La Chaux-de-Fonds<\/h3>\n\n\n\n<p>Nouvelle centrale marquante mise en service cet automne par Solstis !   Nous sommes fiers d\u2019avoir particip\u00e9 \u00e0 la r\u00e9novation des ascenseurs sud de la gare de La Chaux-de-Fonds en int\u00e9grant une verri\u00e8re solaire \u00e0 cette ouvrage connu de tous les Chaux-de-Fonniers.\u00e8res.   <\/p>\n\n\n\n<figure class=\"wp-block-image size-large\"><img loading=\"lazy\" decoding=\"async\" width=\"800\" height=\"666\" src=\"https:\/\/blog.solstis.ch\/wp-content\/uploads\/2019\/11\/Solstis_ascenseurs_sud_gare_La_Chaux-de-fonds.jpg\" alt=\"\" class=\"wp-image-1328\" srcset=\"https:\/\/blog.solstis.ch\/wp-content\/uploads\/2019\/11\/Solstis_ascenseurs_sud_gare_La_Chaux-de-fonds.jpg 800w, https:\/\/blog.solstis.ch\/wp-content\/uploads\/2019\/11\/Solstis_ascenseurs_sud_gare_La_Chaux-de-fonds-300x250.jpg 300w, https:\/\/blog.solstis.ch\/wp-content\/uploads\/2019\/11\/Solstis_ascenseurs_sud_gare_La_Chaux-de-fonds-768x639.jpg 768w, https:\/\/blog.solstis.ch\/wp-content\/uploads\/2019\/11\/Solstis_ascenseurs_sud_gare_La_Chaux-de-fonds-360x300.jpg 360w\" sizes=\"auto, (max-width: 800px) 100vw, 800px\" \/><\/figure>\n","protected":false},"excerpt":{"rendered":"<p>Chantiers \u00e0 la Tour de Peilz, du Mad \u00e0 Lausanne, et \u00e0 la gare de la Chaux-de-Fonds<\/p>\n","protected":false},"author":1,"featured_media":1325,"comment_status":"closed","ping_status":"open","sticky":true,"template":"","format":"standard","meta":{"jetpack_post_was_ever_published":false,"_jetpack_newsletter_access":"","_jetpack_dont_email_post_to_subs":false,"_jetpack_newsletter_tier_id":0,"_jetpack_memberships_contains_paywalled_content":false,"_jetpack_memberships_contains_paid_content":false,"footnotes":"","jetpack_publicize_message":"","jetpack_publicize_feature_enabled":true,"jetpack_social_post_already_shared":true,"jetpack_social_options":{"image_generator_settings":{"template":"highway","enabled":false},"version":2}},"categories":[115,224],"tags":[],"class_list":["post-1324","post","type-post","status-publish","format-standard","has-post-thumbnail","hentry","category-actualite","category-solstis"],"jetpack_publicize_connections":[],"yoast_head":"<!-- This site is optimized with the Yoast SEO plugin v23.8 - https:\/\/yoast.com\/wordpress\/plugins\/seo\/ -->\n<title>Derni\u00e8res nouvelles des chantiers [novembre 2019] - Solstis<\/title>\n<meta name=\"robots\" content=\"index, follow, max-snippet:-1, max-image-preview:large, max-video-preview:-1\" \/>\n<link rel=\"canonical\" href=\"https:\/\/blog.solstis.ch\/index.php\/fr\/2019\/11\/29\/dernieres-nouvelles-des-chantiers-novembre-2019\/\" \/>\n<meta property=\"og:locale\" content=\"fr_FR\" \/>\n<meta property=\"og:type\" content=\"article\" \/>\n<meta property=\"og:title\" content=\"Derni\u00e8res nouvelles des chantiers [novembre 2019] - Solstis\" \/>\n<meta property=\"og:description\" content=\"Chantiers \u00e0 la Tour de Peilz, du Mad \u00e0 Lausanne, et \u00e0 la gare de la Chaux-de-Fonds\" \/>\n<meta property=\"og:url\" content=\"https:\/\/blog.solstis.ch\/index.php\/fr\/2019\/11\/29\/dernieres-nouvelles-des-chantiers-novembre-2019\/\" \/>\n<meta property=\"og:site_name\" content=\"Solstis\" \/>\n<meta property=\"article:published_time\" content=\"2019-11-29T12:45:09+00:00\" \/>\n<meta property=\"article:modified_time\" content=\"2019-11-29T12:47:26+00:00\" \/>\n<meta property=\"og:image\" content=\"http:\/\/blog.solstis.ch\/wp-content\/uploads\/2019\/11\/Solstis_chantier_Tour-de-peilz.jpg\" \/>\n\t<meta property=\"og:image:width\" content=\"940\" \/>\n\t<meta property=\"og:image:height\" content=\"788\" \/>\n\t<meta property=\"og:image:type\" content=\"image\/jpeg\" \/>\n<meta name=\"author\" content=\"admin\" \/>\n<meta name=\"twitter:card\" content=\"summary_large_image\" \/>\n<meta name=\"twitter:label1\" content=\"\u00c9crit par\" \/>\n\t<meta name=\"twitter:data1\" content=\"admin\" \/>\n\t<meta name=\"twitter:label2\" content=\"Dur\u00e9e de lecture estim\u00e9e\" \/>\n\t<meta name=\"twitter:data2\" content=\"1 minute\" \/>\n<script type=\"application\/ld+json\" class=\"yoast-schema-graph\">{\"@context\":\"https:\/\/schema.org\",\"@graph\":[{\"@type\":\"WebPage\",\"@id\":\"https:\/\/blog.solstis.ch\/index.php\/fr\/2019\/11\/29\/dernieres-nouvelles-des-chantiers-novembre-2019\/\",\"url\":\"https:\/\/blog.solstis.ch\/index.php\/fr\/2019\/11\/29\/dernieres-nouvelles-des-chantiers-novembre-2019\/\",\"name\":\"Derni\u00e8res nouvelles des chantiers [novembre 2019] - Solstis\",\"isPartOf\":{\"@id\":\"https:\/\/blog.solstis.ch\/#website\"},\"primaryImageOfPage\":{\"@id\":\"https:\/\/blog.solstis.ch\/index.php\/fr\/2019\/11\/29\/dernieres-nouvelles-des-chantiers-novembre-2019\/#primaryimage\"},\"image\":{\"@id\":\"https:\/\/blog.solstis.ch\/index.php\/fr\/2019\/11\/29\/dernieres-nouvelles-des-chantiers-novembre-2019\/#primaryimage\"},\"thumbnailUrl\":\"https:\/\/blog.solstis.ch\/wp-content\/uploads\/2019\/11\/Solstis_chantier_Tour-de-peilz.jpg\",\"datePublished\":\"2019-11-29T12:45:09+00:00\",\"dateModified\":\"2019-11-29T12:47:26+00:00\",\"author\":{\"@id\":\"https:\/\/blog.solstis.ch\/#\/schema\/person\/5a9f5ef0a66b3e68c712ab62eeb4a1f9\"},\"breadcrumb\":{\"@id\":\"https:\/\/blog.solstis.ch\/index.php\/fr\/2019\/11\/29\/dernieres-nouvelles-des-chantiers-novembre-2019\/#breadcrumb\"},\"inLanguage\":\"fr-FR\",\"potentialAction\":[{\"@type\":\"ReadAction\",\"target\":[\"https:\/\/blog.solstis.ch\/index.php\/fr\/2019\/11\/29\/dernieres-nouvelles-des-chantiers-novembre-2019\/\"]}]},{\"@type\":\"ImageObject\",\"inLanguage\":\"fr-FR\",\"@id\":\"https:\/\/blog.solstis.ch\/index.php\/fr\/2019\/11\/29\/dernieres-nouvelles-des-chantiers-novembre-2019\/#primaryimage\",\"url\":\"https:\/\/blog.solstis.ch\/wp-content\/uploads\/2019\/11\/Solstis_chantier_Tour-de-peilz.jpg\",\"contentUrl\":\"https:\/\/blog.solstis.ch\/wp-content\/uploads\/2019\/11\/Solstis_chantier_Tour-de-peilz.jpg\",\"width\":940,\"height\":788},{\"@type\":\"BreadcrumbList\",\"@id\":\"https:\/\/blog.solstis.ch\/index.php\/fr\/2019\/11\/29\/dernieres-nouvelles-des-chantiers-novembre-2019\/#breadcrumb\",\"itemListElement\":[{\"@type\":\"ListItem\",\"position\":1,\"name\":\"Accueil\",\"item\":\"https:\/\/blog.solstis.ch\/index.php\/fr\/blog\/\"},{\"@type\":\"ListItem\",\"position\":2,\"name\":\"Derni\u00e8res nouvelles des chantiers [novembre 2019]\"}]},{\"@type\":\"WebSite\",\"@id\":\"https:\/\/blog.solstis.ch\/#website\",\"url\":\"https:\/\/blog.solstis.ch\/\",\"name\":\"Solstis\",\"description\":\"Solstis, donner au monde l&#039;\u00e9nergie d&#039;\u00eatre durable.\",\"potentialAction\":[{\"@type\":\"SearchAction\",\"target\":{\"@type\":\"EntryPoint\",\"urlTemplate\":\"https:\/\/blog.solstis.ch\/?s={search_term_string}\"},\"query-input\":{\"@type\":\"PropertyValueSpecification\",\"valueRequired\":true,\"valueName\":\"search_term_string\"}}],\"inLanguage\":\"fr-FR\"},{\"@type\":\"Person\",\"@id\":\"https:\/\/blog.solstis.ch\/#\/schema\/person\/5a9f5ef0a66b3e68c712ab62eeb4a1f9\",\"name\":\"admin\",\"image\":{\"@type\":\"ImageObject\",\"inLanguage\":\"fr-FR\",\"@id\":\"https:\/\/blog.solstis.ch\/#\/schema\/person\/image\/\",\"url\":\"https:\/\/secure.gravatar.com\/avatar\/8ba8fd08281e45cafc408887276f0396?s=96&d=mm&r=g\",\"contentUrl\":\"https:\/\/secure.gravatar.com\/avatar\/8ba8fd08281e45cafc408887276f0396?s=96&d=mm&r=g\",\"caption\":\"admin\"},\"url\":\"https:\/\/blog.solstis.ch\/index.php\/author\/admin\/\"}]}<\/script>\n<!-- \/ Yoast SEO plugin. -->","yoast_head_json":{"title":"Derni\u00e8res nouvelles des chantiers [novembre 2019] - Solstis","robots":{"index":"index","follow":"follow","max-snippet":"max-snippet:-1","max-image-preview":"max-image-preview:large","max-video-preview":"max-video-preview:-1"},"canonical":"https:\/\/blog.solstis.ch\/index.php\/fr\/2019\/11\/29\/dernieres-nouvelles-des-chantiers-novembre-2019\/","og_locale":"fr_FR","og_type":"article","og_title":"Derni\u00e8res nouvelles des chantiers [novembre 2019] - Solstis","og_description":"Chantiers \u00e0 la Tour de Peilz, du Mad \u00e0 Lausanne, et \u00e0 la gare de la Chaux-de-Fonds","og_url":"https:\/\/blog.solstis.ch\/index.php\/fr\/2019\/11\/29\/dernieres-nouvelles-des-chantiers-novembre-2019\/","og_site_name":"Solstis","article_published_time":"2019-11-29T12:45:09+00:00","article_modified_time":"2019-11-29T12:47:26+00:00","og_image":[{"width":940,"height":788,"url":"http:\/\/blog.solstis.ch\/wp-content\/uploads\/2019\/11\/Solstis_chantier_Tour-de-peilz.jpg","type":"image\/jpeg"}],"author":"admin","twitter_card":"summary_large_image","twitter_misc":{"\u00c9crit par":"admin","Dur\u00e9e de lecture estim\u00e9e":"1 minute"},"schema":{"@context":"https:\/\/schema.org","@graph":[{"@type":"WebPage","@id":"https:\/\/blog.solstis.ch\/index.php\/fr\/2019\/11\/29\/dernieres-nouvelles-des-chantiers-novembre-2019\/","url":"https:\/\/blog.solstis.ch\/index.php\/fr\/2019\/11\/29\/dernieres-nouvelles-des-chantiers-novembre-2019\/","name":"Derni\u00e8res nouvelles des chantiers [novembre 2019] - Solstis","isPartOf":{"@id":"https:\/\/blog.solstis.ch\/#website"},"primaryImageOfPage":{"@id":"https:\/\/blog.solstis.ch\/index.php\/fr\/2019\/11\/29\/dernieres-nouvelles-des-chantiers-novembre-2019\/#primaryimage"},"image":{"@id":"https:\/\/blog.solstis.ch\/index.php\/fr\/2019\/11\/29\/dernieres-nouvelles-des-chantiers-novembre-2019\/#primaryimage"},"thumbnailUrl":"https:\/\/blog.solstis.ch\/wp-content\/uploads\/2019\/11\/Solstis_chantier_Tour-de-peilz.jpg","datePublished":"2019-11-29T12:45:09+00:00","dateModified":"2019-11-29T12:47:26+00:00","author":{"@id":"https:\/\/blog.solstis.ch\/#\/schema\/person\/5a9f5ef0a66b3e68c712ab62eeb4a1f9"},"breadcrumb":{"@id":"https:\/\/blog.solstis.ch\/index.php\/fr\/2019\/11\/29\/dernieres-nouvelles-des-chantiers-novembre-2019\/#breadcrumb"},"inLanguage":"fr-FR","potentialAction":[{"@type":"ReadAction","target":["https:\/\/blog.solstis.ch\/index.php\/fr\/2019\/11\/29\/dernieres-nouvelles-des-chantiers-novembre-2019\/"]}]},{"@type":"ImageObject","inLanguage":"fr-FR","@id":"https:\/\/blog.solstis.ch\/index.php\/fr\/2019\/11\/29\/dernieres-nouvelles-des-chantiers-novembre-2019\/#primaryimage","url":"https:\/\/blog.solstis.ch\/wp-content\/uploads\/2019\/11\/Solstis_chantier_Tour-de-peilz.jpg","contentUrl":"https:\/\/blog.solstis.ch\/wp-content\/uploads\/2019\/11\/Solstis_chantier_Tour-de-peilz.jpg","width":940,"height":788},{"@type":"BreadcrumbList","@id":"https:\/\/blog.solstis.ch\/index.php\/fr\/2019\/11\/29\/dernieres-nouvelles-des-chantiers-novembre-2019\/#breadcrumb","itemListElement":[{"@type":"ListItem","position":1,"name":"Accueil","item":"https:\/\/blog.solstis.ch\/index.php\/fr\/blog\/"},{"@type":"ListItem","position":2,"name":"Derni\u00e8res nouvelles des chantiers [novembre 2019]"}]},{"@type":"WebSite","@id":"https:\/\/blog.solstis.ch\/#website","url":"https:\/\/blog.solstis.ch\/","name":"Solstis","description":"Solstis, donner au monde l&#039;\u00e9nergie d&#039;\u00eatre durable.","potentialAction":[{"@type":"SearchAction","target":{"@type":"EntryPoint","urlTemplate":"https:\/\/blog.solstis.ch\/?s={search_term_string}"},"query-input":{"@type":"PropertyValueSpecification","valueRequired":true,"valueName":"search_term_string"}}],"inLanguage":"fr-FR"},{"@type":"Person","@id":"https:\/\/blog.solstis.ch\/#\/schema\/person\/5a9f5ef0a66b3e68c712ab62eeb4a1f9","name":"admin","image":{"@type":"ImageObject","inLanguage":"fr-FR","@id":"https:\/\/blog.solstis.ch\/#\/schema\/person\/image\/","url":"https:\/\/secure.gravatar.com\/avatar\/8ba8fd08281e45cafc408887276f0396?s=96&d=mm&r=g","contentUrl":"https:\/\/secure.gravatar.com\/avatar\/8ba8fd08281e45cafc408887276f0396?s=96&d=mm&r=g","caption":"admin"},"url":"https:\/\/blog.solstis.ch\/index.php\/author\/admin\/"}]}},"jetpack_sharing_enabled":true,"jetpack_featured_media_url":"https:\/\/blog.solstis.ch\/wp-content\/uploads\/2019\/11\/Solstis_chantier_Tour-de-peilz.jpg","jetpack_shortlink":"https:\/\/wp.me\/pa0tUs-lm","_links":{"self":[{"href":"https:\/\/blog.solstis.ch\/index.php\/wp-json\/wp\/v2\/posts\/1324","targetHints":{"allow":["GET"]}}],"collection":[{"href":"https:\/\/blog.solstis.ch\/index.php\/wp-json\/wp\/v2\/posts"}],"about":[{"href":"https:\/\/blog.solstis.ch\/index.php\/wp-json\/wp\/v2\/types\/post"}],"author":[{"embeddable":true,"href":"https:\/\/blog.solstis.ch\/index.php\/wp-json\/wp\/v2\/users\/1"}],"replies":[{"embeddable":true,"href":"https:\/\/blog.solstis.ch\/index.php\/wp-json\/wp\/v2\/comments?post=1324"}],"version-history":[{"count":3,"href":"https:\/\/blog.solstis.ch\/index.php\/wp-json\/wp\/v2\/posts\/1324\/revisions"}],"predecessor-version":[{"id":1330,"href":"https:\/\/blog.solstis.ch\/index.php\/wp-json\/wp\/v2\/posts\/1324\/revisions\/1330"}],"wp:featuredmedia":[{"embeddable":true,"href":"https:\/\/blog.solstis.ch\/index.php\/wp-json\/wp\/v2\/media\/1325"}],"wp:attachment":[{"href":"https:\/\/blog.solstis.ch\/index.php\/wp-json\/wp\/v2\/media?parent=1324"}],"wp:term":[{"taxonomy":"category","embeddable":true,"href":"https:\/\/blog.solstis.ch\/index.php\/wp-json\/wp\/v2\/categories?post=1324"},{"taxonomy":"post_tag","embeddable":true,"href":"https:\/\/blog.solstis.ch\/index.php\/wp-json\/wp\/v2\/tags?post=1324"}],"curies":[{"name":"wp","href":"https:\/\/api.w.org\/{rel}","templated":true}]}}