{"id":1316,"date":"2019-10-09T09:02:42","date_gmt":"2019-10-09T08:02:42","guid":{"rendered":"http:\/\/blog.solstis.ch\/?p=1316"},"modified":"2019-12-13T16:29:05","modified_gmt":"2019-12-13T15:29:05","slug":"solaire-et-mobilite-electrique-le-duo-gagnant","status":"publish","type":"post","link":"https:\/\/blog.solstis.ch\/index.php\/fr\/2019\/10\/09\/solaire-et-mobilite-electrique-le-duo-gagnant\/","title":{"rendered":"Solaire et mobilit\u00e9 \u00e9lectrique : le duo gagnant ?"},"content":{"rendered":"<p>[\u00a0<strong>Article paru dans Propri\u00e9taire Magazine\u00a0 \u2013 proprietaire.ch<\/strong>\u00a0]<\/p>\n<h3>Quand deux technologies de pointe s\u2019associent pour se valoriser entre elles<\/h3>\n<p><strong>Deux atouts compl\u00e9mentaires pour un avenir durable<\/strong><\/p>\n<p>Le parc automobile est \u00e0 l\u2019aube d\u2019une mutation profonde, dans un contexte de rar\u00e9faction des ressources fossiles et sur fond de scandales Diesel \u00e0 r\u00e9p\u00e9tition. De plus en plus d\u2019automobilistes se tournent aujourd\u2019hui vers des motorisations alternatives, \u00e9lectriques ou hybrides rechargeables. Si le march\u00e9 reste aujourd\u2019hui encore relativement anecdotique, la courbe du nombre de v\u00e9hicules \u00e9lectriques en circulation est exponentielle, d\u00fb notamment \u00e0 l\u2019arriv\u00e9e r\u00e9cente de la Tesla Model 3, le mod\u00e8le phare du constructeur californien de bolides \u00e9lectris\u00e9s, dont l\u2019ambition est de d\u00e9mocratiser la voiture \u00e9lectrique.<\/p>\n<p><strong>Une voiture \u00e9lectrique ? Oui, mais&#8230;<\/strong><\/p>\n<p>Si une voiture \u00e9lectrique n\u2019\u00e9met aucun gaz \u00e0 effet de serre \u00e0 l\u2019\u00e9chappement, elle n\u2019est pas pour autant sans impact sur l\u2019environnement. En effet, en plus du surco\u00fbt \u00e9nerg\u00e9tique issu de sa fabrication, l\u2019\u00e9lectricit\u00e9 n\u00e9cessaire \u00e0 sa propulsion provient g\u00e9n\u00e9ralement du r\u00e9seau \u00e9lectrique et a donc \u00e9t\u00e9 produite par diverses sources d\u2019\u00e9nergie : hydraulique, nucl\u00e9aire, gazi\u00e8re, etc. Pas facile alors de conna\u00eetre le bilan \u00e9cologique exact de sa voiture !<\/p>\n<p><strong>Le solaire en chiffres (Suisse)<\/strong><br \/>\n\u2022 Production annuelle : <strong>2 TWh<\/strong>, soit environ\u00a0la consommation de <strong>500\u2019000<\/strong> m\u00e9nages.<br \/>\n\u2022 Puissance install\u00e9e : <strong>2 GW<\/strong><br \/>\n\u2022 Puissance install\u00e9e en 2017: <strong>241 MW<\/strong><\/p>\n<p><strong>La mobilit\u00e9 \u00e9lectrique en chiffres<\/strong><br \/>\n\u2022 <strong>500<\/strong> : c\u2019est le<strong> nombre de kilom\u00e8tres<\/strong>\u00a0que peuvent parcourir aujourd\u2019hui\u00a0les v\u00e9hicules \u00e9lectriques les plus\u00a0performants.<br \/>\n\u2022 <strong>90%<\/strong> : c\u2019est le <strong>rendement d\u2019une\u00a0voiture \u00e9lectrique<\/strong>, \u00e0 comparer\u00a0aux 35% d\u2019une voiture thermique.<\/p>\n<p>Heureusement, faire rouler son v\u00e9hicule \u00e9lectrique \u00e0 l\u2019atome n\u2019est plus une fatalit\u00e9. Aujourd\u2019hui, gr\u00e2ce \u00e0 l\u2019encouragement de l\u2019autoconsommation en Suisse, il devient parfaitement possible de recharger la batterie avec de l\u2019\u00e9lectricit\u00e9 d\u2019origine 100% renouvelable ! Le principe est simple : imaginez votre maison \u00e9quip\u00e9e de panneaux solaires, et votre garage \u00e9quip\u00e9 d\u2019une borne de recharge. Lorsque votre voiture est branch\u00e9e \u00e0 son chargeur et lorsque la production solaire est suffisante, le surplus d\u2019\u00e9lectricit\u00e9 est utilis\u00e9 pour recharger la voiture, au lieu d\u2019\u00eatre r\u00e9inject\u00e9e dans le r\u00e9seau. Certains mod\u00e8les de chargeurs, dits \u00abintelligents\u00bb, permettent d\u2019adapter leur consigne de charge en fonction de param\u00e8tres comme la production solaire, par exemple. Ainsi, vous pouvez d\u00e9cider de ne recharger votre v\u00e9hicule qu\u2019avec le surplus d\u2019\u00e9nergie en provenance de votre toit ! Le bilan \u00e9cologique de votre voiture \u00e9lectrique devient alors bien meilleur, et permet de compenser la quantit\u00e9 de CO2 n\u00e9cessaire \u00e0 sa fabrication beaucoup plus rapidement, tout en r\u00e9duisant le co\u00fbt de son \u00abplein\u00bb d\u2019\u00e9lectrons.\u00a0Une installation solaire est donc le compl\u00e9ment id\u00e9al \u00e0 une voiture \u00e9lectrique !<\/p>\n<p><strong>Une installation solaire ? Oui, mais&#8230;<\/strong><\/p>\n<p>Gr\u00e2ce \u00e0 la baisse des prix des modules photovolta\u00efques, il devient aujourd\u2019hui tr\u00e8s int\u00e9ressant de proc\u00e9der \u00e0 une installation sur son toit, afin d\u2019autoconsommer tout ou partie de la production solaire. Chaque kilowattheure autoconsomm\u00e9 permet de s\u2019affranchir de l\u2019achat d\u2019\u00e9nergie sur le r\u00e9seau, et donc d\u2019effectuer des \u00e9conomies substantielles sur sa facture d\u2019\u00e9lectricit\u00e9, pour un temps de retour sur investissement global plus court. La r\u00e8gle d\u2019optimisation est simple : plus le taux d\u2019autoconsommation (qui refl\u00e8te la part d\u2019\u00e9lectricit\u00e9 produite qui est directement consomm\u00e9e sur place) est \u00e9lev\u00e9, plus vite l\u2019installation sera rentabilis\u00e9e. Ainsi, en rechargeant votre v\u00e9hicule \u00e9lectrique aux heures d\u2019ensoleillement maximales, l\u2019\u00e9lectricit\u00e9 solaire produite en surplus ne sera pas r\u00e9inject\u00e9e dans le r\u00e9seau, mais sera stock\u00e9e dans la batterie de la voiture afin d\u2019\u00eatre utilis\u00e9e ult\u00e9rieurement pour votre prochaine excursion. Une voiture \u00e9lectrique est donc le compl\u00e9ment id\u00e9al \u00e0 une installation solaire !<\/p>\n<p><strong>Bilan<\/strong><\/p>\n<p>Un v\u00e9hicule \u00e9lectrique plus \u00e9cologique ? Un installation solaire mieux optimis\u00e9e ? La r\u00e9ponse \u00e0 la question du titre est toute trouv\u00e9e : oui, le combo voiture \u00e9lectrique et installation solaire est un duo gagnant. Le plus important, que ce soit pour l\u2019installation d\u2019une borne de recharge ou d\u2019une centrale photovolta\u00efque, est de s\u2019entourer de professionnels exp\u00e9riment\u00e9s, capables de dimensionner la solution la plus efficace, en tenant compte des caract\u00e9ristiques des deux composantes de ce duo gagnant. Vous souhaitez construire un avenir durable, sans carbone ni atome, et optimiser au mieux pour votre porte-monnaie ?<\/p>\n<p><a href=\"https:\/\/www.solstis.ch\/#contact\" target=\"_blank\" rel=\"noopener noreferrer\">Contactez nous sans attendre pour obtenir de plus amples informations !<\/a><\/p>\n<p><a href=\"https:\/\/www.solstis.ch\/fr\/pack-de-services-pour-une-transition-energetique#borne-de-recharge\" target=\"_blank\" rel=\"noopener noreferrer\">Plus d&rsquo;informations sur les bornes de recharge<\/a><\/p>\n","protected":false},"excerpt":{"rendered":"<p>Quand deux technologies de pointe s\u2019associent pour se valoriser entre elles.<\/p>\n","protected":false},"author":1,"featured_media":1319,"comment_status":"closed","ping_status":"open","sticky":true,"template":"","format":"standard","meta":{"jetpack_post_was_ever_published":false,"_jetpack_newsletter_access":"","_jetpack_dont_email_post_to_subs":false,"_jetpack_newsletter_tier_id":0,"_jetpack_memberships_contains_paywalled_content":false,"_jetpack_memberships_contains_paid_content":false,"footnotes":"","jetpack_publicize_message":"","jetpack_publicize_feature_enabled":true,"jetpack_social_post_already_shared":true,"jetpack_social_options":{"image_generator_settings":{"template":"highway","enabled":false},"version":2}},"categories":[33,224,61],"tags":[],"class_list":["post-1316","post","type-post","status-publish","format-standard","has-post-thumbnail","hentry","category-energie","category-solstis","category-technologie"],"jetpack_publicize_connections":[],"yoast_head":"<!-- This site is optimized with the Yoast SEO plugin v23.8 - https:\/\/yoast.com\/wordpress\/plugins\/seo\/ -->\n<title>Solaire et mobilit\u00e9 \u00e9lectrique : le duo gagnant ? - Solstis<\/title>\n<meta name=\"robots\" content=\"index, follow, max-snippet:-1, max-image-preview:large, max-video-preview:-1\" \/>\n<link rel=\"canonical\" href=\"https:\/\/blog.solstis.ch\/index.php\/fr\/2019\/10\/09\/solaire-et-mobilite-electrique-le-duo-gagnant\/\" \/>\n<meta property=\"og:locale\" content=\"fr_FR\" \/>\n<meta property=\"og:type\" content=\"article\" \/>\n<meta property=\"og:title\" content=\"Solaire et mobilit\u00e9 \u00e9lectrique : le duo gagnant ? - Solstis\" \/>\n<meta property=\"og:description\" content=\"Quand deux technologies de pointe s\u2019associent pour se valoriser entre elles.\" \/>\n<meta property=\"og:url\" content=\"https:\/\/blog.solstis.ch\/index.php\/fr\/2019\/10\/09\/solaire-et-mobilite-electrique-le-duo-gagnant\/\" \/>\n<meta property=\"og:site_name\" content=\"Solstis\" \/>\n<meta property=\"article:published_time\" content=\"2019-10-09T08:02:42+00:00\" \/>\n<meta property=\"article:modified_time\" content=\"2019-12-13T15:29:05+00:00\" \/>\n<meta property=\"og:image\" content=\"https:\/\/blog.solstis.ch\/wp-content\/uploads\/2019\/10\/magazine-proprietaire-mobilite-electrique-solaire-solstis.jpg\" \/>\n\t<meta property=\"og:image:width\" content=\"1279\" \/>\n\t<meta property=\"og:image:height\" content=\"834\" \/>\n\t<meta property=\"og:image:type\" content=\"image\/jpeg\" \/>\n<meta name=\"author\" content=\"admin\" \/>\n<meta name=\"twitter:card\" content=\"summary_large_image\" \/>\n<meta name=\"twitter:label1\" content=\"\u00c9crit par\" \/>\n\t<meta name=\"twitter:data1\" content=\"admin\" \/>\n\t<meta name=\"twitter:label2\" content=\"Dur\u00e9e de lecture estim\u00e9e\" \/>\n\t<meta name=\"twitter:data2\" content=\"4 minutes\" \/>\n<script type=\"application\/ld+json\" class=\"yoast-schema-graph\">{\"@context\":\"https:\/\/schema.org\",\"@graph\":[{\"@type\":\"WebPage\",\"@id\":\"https:\/\/blog.solstis.ch\/index.php\/fr\/2019\/10\/09\/solaire-et-mobilite-electrique-le-duo-gagnant\/\",\"url\":\"https:\/\/blog.solstis.ch\/index.php\/fr\/2019\/10\/09\/solaire-et-mobilite-electrique-le-duo-gagnant\/\",\"name\":\"Solaire et mobilit\u00e9 \u00e9lectrique : le duo gagnant ? - Solstis\",\"isPartOf\":{\"@id\":\"https:\/\/blog.solstis.ch\/#website\"},\"primaryImageOfPage\":{\"@id\":\"https:\/\/blog.solstis.ch\/index.php\/fr\/2019\/10\/09\/solaire-et-mobilite-electrique-le-duo-gagnant\/#primaryimage\"},\"image\":{\"@id\":\"https:\/\/blog.solstis.ch\/index.php\/fr\/2019\/10\/09\/solaire-et-mobilite-electrique-le-duo-gagnant\/#primaryimage\"},\"thumbnailUrl\":\"https:\/\/blog.solstis.ch\/wp-content\/uploads\/2019\/10\/magazine-proprietaire-mobilite-electrique-solaire-solstis.jpg\",\"datePublished\":\"2019-10-09T08:02:42+00:00\",\"dateModified\":\"2019-12-13T15:29:05+00:00\",\"author\":{\"@id\":\"https:\/\/blog.solstis.ch\/#\/schema\/person\/5a9f5ef0a66b3e68c712ab62eeb4a1f9\"},\"breadcrumb\":{\"@id\":\"https:\/\/blog.solstis.ch\/index.php\/fr\/2019\/10\/09\/solaire-et-mobilite-electrique-le-duo-gagnant\/#breadcrumb\"},\"inLanguage\":\"fr-FR\",\"potentialAction\":[{\"@type\":\"ReadAction\",\"target\":[\"https:\/\/blog.solstis.ch\/index.php\/fr\/2019\/10\/09\/solaire-et-mobilite-electrique-le-duo-gagnant\/\"]}]},{\"@type\":\"ImageObject\",\"inLanguage\":\"fr-FR\",\"@id\":\"https:\/\/blog.solstis.ch\/index.php\/fr\/2019\/10\/09\/solaire-et-mobilite-electrique-le-duo-gagnant\/#primaryimage\",\"url\":\"https:\/\/blog.solstis.ch\/wp-content\/uploads\/2019\/10\/magazine-proprietaire-mobilite-electrique-solaire-solstis.jpg\",\"contentUrl\":\"https:\/\/blog.solstis.ch\/wp-content\/uploads\/2019\/10\/magazine-proprietaire-mobilite-electrique-solaire-solstis.jpg\",\"width\":1279,\"height\":834},{\"@type\":\"BreadcrumbList\",\"@id\":\"https:\/\/blog.solstis.ch\/index.php\/fr\/2019\/10\/09\/solaire-et-mobilite-electrique-le-duo-gagnant\/#breadcrumb\",\"itemListElement\":[{\"@type\":\"ListItem\",\"position\":1,\"name\":\"Accueil\",\"item\":\"https:\/\/blog.solstis.ch\/index.php\/fr\/blog\/\"},{\"@type\":\"ListItem\",\"position\":2,\"name\":\"Solaire et mobilit\u00e9 \u00e9lectrique : le duo gagnant ?\"}]},{\"@type\":\"WebSite\",\"@id\":\"https:\/\/blog.solstis.ch\/#website\",\"url\":\"https:\/\/blog.solstis.ch\/\",\"name\":\"Solstis\",\"description\":\"Solstis, donner au monde l&#039;\u00e9nergie d&#039;\u00eatre durable.\",\"potentialAction\":[{\"@type\":\"SearchAction\",\"target\":{\"@type\":\"EntryPoint\",\"urlTemplate\":\"https:\/\/blog.solstis.ch\/?s={search_term_string}\"},\"query-input\":{\"@type\":\"PropertyValueSpecification\",\"valueRequired\":true,\"valueName\":\"search_term_string\"}}],\"inLanguage\":\"fr-FR\"},{\"@type\":\"Person\",\"@id\":\"https:\/\/blog.solstis.ch\/#\/schema\/person\/5a9f5ef0a66b3e68c712ab62eeb4a1f9\",\"name\":\"admin\",\"image\":{\"@type\":\"ImageObject\",\"inLanguage\":\"fr-FR\",\"@id\":\"https:\/\/blog.solstis.ch\/#\/schema\/person\/image\/\",\"url\":\"https:\/\/secure.gravatar.com\/avatar\/8ba8fd08281e45cafc408887276f0396?s=96&d=mm&r=g\",\"contentUrl\":\"https:\/\/secure.gravatar.com\/avatar\/8ba8fd08281e45cafc408887276f0396?s=96&d=mm&r=g\",\"caption\":\"admin\"},\"url\":\"https:\/\/blog.solstis.ch\/index.php\/author\/admin\/\"}]}<\/script>\n<!-- \/ Yoast SEO plugin. -->","yoast_head_json":{"title":"Solaire et mobilit\u00e9 \u00e9lectrique : le duo gagnant ? - Solstis","robots":{"index":"index","follow":"follow","max-snippet":"max-snippet:-1","max-image-preview":"max-image-preview:large","max-video-preview":"max-video-preview:-1"},"canonical":"https:\/\/blog.solstis.ch\/index.php\/fr\/2019\/10\/09\/solaire-et-mobilite-electrique-le-duo-gagnant\/","og_locale":"fr_FR","og_type":"article","og_title":"Solaire et mobilit\u00e9 \u00e9lectrique : le duo gagnant ? - Solstis","og_description":"Quand deux technologies de pointe s\u2019associent pour se valoriser entre elles.","og_url":"https:\/\/blog.solstis.ch\/index.php\/fr\/2019\/10\/09\/solaire-et-mobilite-electrique-le-duo-gagnant\/","og_site_name":"Solstis","article_published_time":"2019-10-09T08:02:42+00:00","article_modified_time":"2019-12-13T15:29:05+00:00","og_image":[{"width":1279,"height":834,"url":"https:\/\/blog.solstis.ch\/wp-content\/uploads\/2019\/10\/magazine-proprietaire-mobilite-electrique-solaire-solstis.jpg","type":"image\/jpeg"}],"author":"admin","twitter_card":"summary_large_image","twitter_misc":{"\u00c9crit par":"admin","Dur\u00e9e de lecture estim\u00e9e":"4 minutes"},"schema":{"@context":"https:\/\/schema.org","@graph":[{"@type":"WebPage","@id":"https:\/\/blog.solstis.ch\/index.php\/fr\/2019\/10\/09\/solaire-et-mobilite-electrique-le-duo-gagnant\/","url":"https:\/\/blog.solstis.ch\/index.php\/fr\/2019\/10\/09\/solaire-et-mobilite-electrique-le-duo-gagnant\/","name":"Solaire et mobilit\u00e9 \u00e9lectrique : le duo gagnant ? - Solstis","isPartOf":{"@id":"https:\/\/blog.solstis.ch\/#website"},"primaryImageOfPage":{"@id":"https:\/\/blog.solstis.ch\/index.php\/fr\/2019\/10\/09\/solaire-et-mobilite-electrique-le-duo-gagnant\/#primaryimage"},"image":{"@id":"https:\/\/blog.solstis.ch\/index.php\/fr\/2019\/10\/09\/solaire-et-mobilite-electrique-le-duo-gagnant\/#primaryimage"},"thumbnailUrl":"https:\/\/blog.solstis.ch\/wp-content\/uploads\/2019\/10\/magazine-proprietaire-mobilite-electrique-solaire-solstis.jpg","datePublished":"2019-10-09T08:02:42+00:00","dateModified":"2019-12-13T15:29:05+00:00","author":{"@id":"https:\/\/blog.solstis.ch\/#\/schema\/person\/5a9f5ef0a66b3e68c712ab62eeb4a1f9"},"breadcrumb":{"@id":"https:\/\/blog.solstis.ch\/index.php\/fr\/2019\/10\/09\/solaire-et-mobilite-electrique-le-duo-gagnant\/#breadcrumb"},"inLanguage":"fr-FR","potentialAction":[{"@type":"ReadAction","target":["https:\/\/blog.solstis.ch\/index.php\/fr\/2019\/10\/09\/solaire-et-mobilite-electrique-le-duo-gagnant\/"]}]},{"@type":"ImageObject","inLanguage":"fr-FR","@id":"https:\/\/blog.solstis.ch\/index.php\/fr\/2019\/10\/09\/solaire-et-mobilite-electrique-le-duo-gagnant\/#primaryimage","url":"https:\/\/blog.solstis.ch\/wp-content\/uploads\/2019\/10\/magazine-proprietaire-mobilite-electrique-solaire-solstis.jpg","contentUrl":"https:\/\/blog.solstis.ch\/wp-content\/uploads\/2019\/10\/magazine-proprietaire-mobilite-electrique-solaire-solstis.jpg","width":1279,"height":834},{"@type":"BreadcrumbList","@id":"https:\/\/blog.solstis.ch\/index.php\/fr\/2019\/10\/09\/solaire-et-mobilite-electrique-le-duo-gagnant\/#breadcrumb","itemListElement":[{"@type":"ListItem","position":1,"name":"Accueil","item":"https:\/\/blog.solstis.ch\/index.php\/fr\/blog\/"},{"@type":"ListItem","position":2,"name":"Solaire et mobilit\u00e9 \u00e9lectrique : le duo gagnant ?"}]},{"@type":"WebSite","@id":"https:\/\/blog.solstis.ch\/#website","url":"https:\/\/blog.solstis.ch\/","name":"Solstis","description":"Solstis, donner au monde l&#039;\u00e9nergie d&#039;\u00eatre durable.","potentialAction":[{"@type":"SearchAction","target":{"@type":"EntryPoint","urlTemplate":"https:\/\/blog.solstis.ch\/?s={search_term_string}"},"query-input":{"@type":"PropertyValueSpecification","valueRequired":true,"valueName":"search_term_string"}}],"inLanguage":"fr-FR"},{"@type":"Person","@id":"https:\/\/blog.solstis.ch\/#\/schema\/person\/5a9f5ef0a66b3e68c712ab62eeb4a1f9","name":"admin","image":{"@type":"ImageObject","inLanguage":"fr-FR","@id":"https:\/\/blog.solstis.ch\/#\/schema\/person\/image\/","url":"https:\/\/secure.gravatar.com\/avatar\/8ba8fd08281e45cafc408887276f0396?s=96&d=mm&r=g","contentUrl":"https:\/\/secure.gravatar.com\/avatar\/8ba8fd08281e45cafc408887276f0396?s=96&d=mm&r=g","caption":"admin"},"url":"https:\/\/blog.solstis.ch\/index.php\/author\/admin\/"}]}},"jetpack_sharing_enabled":true,"jetpack_featured_media_url":"https:\/\/blog.solstis.ch\/wp-content\/uploads\/2019\/10\/magazine-proprietaire-mobilite-electrique-solaire-solstis.jpg","jetpack_shortlink":"https:\/\/wp.me\/pa0tUs-le","_links":{"self":[{"href":"https:\/\/blog.solstis.ch\/index.php\/wp-json\/wp\/v2\/posts\/1316","targetHints":{"allow":["GET"]}}],"collection":[{"href":"https:\/\/blog.solstis.ch\/index.php\/wp-json\/wp\/v2\/posts"}],"about":[{"href":"https:\/\/blog.solstis.ch\/index.php\/wp-json\/wp\/v2\/types\/post"}],"author":[{"embeddable":true,"href":"https:\/\/blog.solstis.ch\/index.php\/wp-json\/wp\/v2\/users\/1"}],"replies":[{"embeddable":true,"href":"https:\/\/blog.solstis.ch\/index.php\/wp-json\/wp\/v2\/comments?post=1316"}],"version-history":[{"count":6,"href":"https:\/\/blog.solstis.ch\/index.php\/wp-json\/wp\/v2\/posts\/1316\/revisions"}],"predecessor-version":[{"id":1347,"href":"https:\/\/blog.solstis.ch\/index.php\/wp-json\/wp\/v2\/posts\/1316\/revisions\/1347"}],"wp:featuredmedia":[{"embeddable":true,"href":"https:\/\/blog.solstis.ch\/index.php\/wp-json\/wp\/v2\/media\/1319"}],"wp:attachment":[{"href":"https:\/\/blog.solstis.ch\/index.php\/wp-json\/wp\/v2\/media?parent=1316"}],"wp:term":[{"taxonomy":"category","embeddable":true,"href":"https:\/\/blog.solstis.ch\/index.php\/wp-json\/wp\/v2\/categories?post=1316"},{"taxonomy":"post_tag","embeddable":true,"href":"https:\/\/blog.solstis.ch\/index.php\/wp-json\/wp\/v2\/tags?post=1316"}],"curies":[{"name":"wp","href":"https:\/\/api.w.org\/{rel}","templated":true}]}}