{"id":1291,"date":"2019-05-28T10:15:10","date_gmt":"2019-05-28T09:15:10","guid":{"rendered":"http:\/\/blog.solstis.ch\/?p=1291"},"modified":"2019-05-28T10:26:13","modified_gmt":"2019-05-28T09:26:13","slug":"dernieres-nouvelles-des-chantiers-mai-2019","status":"publish","type":"post","link":"https:\/\/blog.solstis.ch\/index.php\/fr\/2019\/05\/28\/dernieres-nouvelles-des-chantiers-mai-2019\/","title":{"rendered":"Derni\u00e8res nouvelles des chantiers [mai 2019]"},"content":{"rendered":"<h3>Chantier Les Vergers &#8211; Meyrin<\/h3>\n<p>Fin de la pose de 372 panneaux \u00ab\u00a0haute performance\u00a0\u00bb sur le toit du b\u00e2timent A13.<\/p>\n<p>Il repr\u00e9sente le 20e b\u00e2timent du quartier \u00e9quip\u00e9 par Solstis !<\/p>\n<p>Plus de 8000 m2 de panneaux en tout.<\/p>\n<p>&nbsp;<\/p>\n<h3>Centre Sportif de Malley (Vaudoise Arena)<\/h3>\n<p>Moins d&rsquo;une ann\u00e9e avant les Championnats du Monde de Hockey 2020 qui se d\u00e9rouleront dans le nouveau Centre Sportif de Malley (Vaudoise Arena).<\/p>\n<p>Les 2260 modules de panneaux photovolta\u00efques donneront le meilleur !<\/p>\n<p><img loading=\"lazy\" decoding=\"async\" class=\"wp-image-1294 size-large alignleft\" src=\"http:\/\/blog.solstis.ch\/wp-content\/uploads\/2019\/05\/Solstis-vaudoise-arena-1024x768.jpg\" alt=\"\" width=\"723\" height=\"542\" srcset=\"https:\/\/blog.solstis.ch\/wp-content\/uploads\/2019\/05\/Solstis-vaudoise-arena.jpg 1024w, https:\/\/blog.solstis.ch\/wp-content\/uploads\/2019\/05\/Solstis-vaudoise-arena-300x225.jpg 300w, https:\/\/blog.solstis.ch\/wp-content\/uploads\/2019\/05\/Solstis-vaudoise-arena-768x576.jpg 768w, https:\/\/blog.solstis.ch\/wp-content\/uploads\/2019\/05\/Solstis-vaudoise-arena-400x300.jpg 400w\" sizes=\"auto, (max-width: 723px) 100vw, 723px\" \/><\/p>\n<h3>Comit\u00e9 international olympique<\/h3>\n<p>Le nouveau si\u00e8ge du Comit\u00e9 Olympic \u00e0 Lausanne sera inaugur\u00e9 le 23 juin 2019, \u00e0 l&rsquo;occasion de la Journ\u00e9e Olympique et du 125e anniversaire de la cr\u00e9ation du CIO.<\/p>\n<p>Les modules photovolta\u00efques d\u00e9coup\u00e9s sp\u00e9cialement sont quant \u00e0 eux d\u00e9j\u00e0 op\u00e9rationnels !<\/p>\n<p><img loading=\"lazy\" decoding=\"async\" class=\"alignright size-full wp-image-1299\" src=\"http:\/\/blog.solstis.ch\/wp-content\/uploads\/2019\/05\/Solstis-CIO.jpg\" alt=\"\" width=\"900\" height=\"600\" srcset=\"https:\/\/blog.solstis.ch\/wp-content\/uploads\/2019\/05\/Solstis-CIO.jpg 900w, https:\/\/blog.solstis.ch\/wp-content\/uploads\/2019\/05\/Solstis-CIO-300x200.jpg 300w, https:\/\/blog.solstis.ch\/wp-content\/uploads\/2019\/05\/Solstis-CIO-768x512.jpg 768w, https:\/\/blog.solstis.ch\/wp-content\/uploads\/2019\/05\/Solstis-CIO-450x300.jpg 450w\" sizes=\"auto, (max-width: 900px) 100vw, 900px\" \/><\/p>\n","protected":false},"excerpt":{"rendered":"<p>Chantier Les Vergers &#8211; Meyrin Fin de la pose de 372 panneaux \u00ab\u00a0haute performance\u00a0\u00bb sur le toit du b\u00e2timent A13. [&hellip;]<\/p>\n","protected":false},"author":1,"featured_media":1293,"comment_status":"closed","ping_status":"open","sticky":true,"template":"","format":"standard","meta":{"jetpack_post_was_ever_published":false,"_jetpack_newsletter_access":"","_jetpack_dont_email_post_to_subs":false,"_jetpack_newsletter_tier_id":0,"_jetpack_memberships_contains_paywalled_content":false,"_jetpack_memberships_contains_paid_content":false,"footnotes":"","jetpack_publicize_message":"","jetpack_publicize_feature_enabled":true,"jetpack_social_post_already_shared":true,"jetpack_social_options":{"image_generator_settings":{"template":"highway","enabled":false},"version":2}},"categories":[115,224],"tags":[],"class_list":["post-1291","post","type-post","status-publish","format-standard","has-post-thumbnail","hentry","category-actualite","category-solstis"],"jetpack_publicize_connections":[],"yoast_head":"<!-- This site is optimized with the Yoast SEO plugin v23.8 - https:\/\/yoast.com\/wordpress\/plugins\/seo\/ -->\n<title>Derni\u00e8res nouvelles des chantiers [mai 2019] - Solstis<\/title>\n<meta name=\"robots\" content=\"index, follow, max-snippet:-1, max-image-preview:large, max-video-preview:-1\" \/>\n<link rel=\"canonical\" href=\"https:\/\/blog.solstis.ch\/index.php\/fr\/2019\/05\/28\/dernieres-nouvelles-des-chantiers-mai-2019\/\" \/>\n<meta property=\"og:locale\" content=\"fr_FR\" \/>\n<meta property=\"og:type\" content=\"article\" \/>\n<meta property=\"og:title\" content=\"Derni\u00e8res nouvelles des chantiers [mai 2019] - Solstis\" \/>\n<meta property=\"og:description\" content=\"Chantier Les Vergers &#8211; Meyrin Fin de la pose de 372 panneaux \u00ab\u00a0haute performance\u00a0\u00bb sur le toit du b\u00e2timent A13. [&hellip;]\" \/>\n<meta property=\"og:url\" content=\"https:\/\/blog.solstis.ch\/index.php\/fr\/2019\/05\/28\/dernieres-nouvelles-des-chantiers-mai-2019\/\" \/>\n<meta property=\"og:site_name\" content=\"Solstis\" \/>\n<meta property=\"article:published_time\" content=\"2019-05-28T09:15:10+00:00\" \/>\n<meta property=\"article:modified_time\" content=\"2019-05-28T09:26:13+00:00\" \/>\n<meta property=\"og:image\" content=\"https:\/\/blog.solstis.ch\/wp-content\/uploads\/2019\/05\/Solstis-Chantier-Les-Vergers-Meyrin.jpg\" \/>\n\t<meta property=\"og:image:width\" content=\"1024\" \/>\n\t<meta property=\"og:image:height\" content=\"512\" \/>\n\t<meta property=\"og:image:type\" content=\"image\/jpeg\" \/>\n<meta name=\"author\" content=\"admin\" \/>\n<meta name=\"twitter:card\" content=\"summary_large_image\" \/>\n<meta name=\"twitter:label1\" content=\"\u00c9crit par\" \/>\n\t<meta name=\"twitter:data1\" content=\"admin\" \/>\n\t<meta name=\"twitter:label2\" content=\"Dur\u00e9e de lecture estim\u00e9e\" \/>\n\t<meta name=\"twitter:data2\" content=\"1 minute\" \/>\n<script type=\"application\/ld+json\" class=\"yoast-schema-graph\">{\"@context\":\"https:\/\/schema.org\",\"@graph\":[{\"@type\":\"WebPage\",\"@id\":\"https:\/\/blog.solstis.ch\/index.php\/fr\/2019\/05\/28\/dernieres-nouvelles-des-chantiers-mai-2019\/\",\"url\":\"https:\/\/blog.solstis.ch\/index.php\/fr\/2019\/05\/28\/dernieres-nouvelles-des-chantiers-mai-2019\/\",\"name\":\"Derni\u00e8res nouvelles des chantiers [mai 2019] - Solstis\",\"isPartOf\":{\"@id\":\"https:\/\/blog.solstis.ch\/#website\"},\"primaryImageOfPage\":{\"@id\":\"https:\/\/blog.solstis.ch\/index.php\/fr\/2019\/05\/28\/dernieres-nouvelles-des-chantiers-mai-2019\/#primaryimage\"},\"image\":{\"@id\":\"https:\/\/blog.solstis.ch\/index.php\/fr\/2019\/05\/28\/dernieres-nouvelles-des-chantiers-mai-2019\/#primaryimage\"},\"thumbnailUrl\":\"https:\/\/blog.solstis.ch\/wp-content\/uploads\/2019\/05\/Solstis-Chantier-Les-Vergers-Meyrin.jpg\",\"datePublished\":\"2019-05-28T09:15:10+00:00\",\"dateModified\":\"2019-05-28T09:26:13+00:00\",\"author\":{\"@id\":\"https:\/\/blog.solstis.ch\/#\/schema\/person\/5a9f5ef0a66b3e68c712ab62eeb4a1f9\"},\"breadcrumb\":{\"@id\":\"https:\/\/blog.solstis.ch\/index.php\/fr\/2019\/05\/28\/dernieres-nouvelles-des-chantiers-mai-2019\/#breadcrumb\"},\"inLanguage\":\"fr-FR\",\"potentialAction\":[{\"@type\":\"ReadAction\",\"target\":[\"https:\/\/blog.solstis.ch\/index.php\/fr\/2019\/05\/28\/dernieres-nouvelles-des-chantiers-mai-2019\/\"]}]},{\"@type\":\"ImageObject\",\"inLanguage\":\"fr-FR\",\"@id\":\"https:\/\/blog.solstis.ch\/index.php\/fr\/2019\/05\/28\/dernieres-nouvelles-des-chantiers-mai-2019\/#primaryimage\",\"url\":\"https:\/\/blog.solstis.ch\/wp-content\/uploads\/2019\/05\/Solstis-Chantier-Les-Vergers-Meyrin.jpg\",\"contentUrl\":\"https:\/\/blog.solstis.ch\/wp-content\/uploads\/2019\/05\/Solstis-Chantier-Les-Vergers-Meyrin.jpg\",\"width\":1024,\"height\":512},{\"@type\":\"BreadcrumbList\",\"@id\":\"https:\/\/blog.solstis.ch\/index.php\/fr\/2019\/05\/28\/dernieres-nouvelles-des-chantiers-mai-2019\/#breadcrumb\",\"itemListElement\":[{\"@type\":\"ListItem\",\"position\":1,\"name\":\"Accueil\",\"item\":\"https:\/\/blog.solstis.ch\/index.php\/fr\/blog\/\"},{\"@type\":\"ListItem\",\"position\":2,\"name\":\"Derni\u00e8res nouvelles des chantiers [mai 2019]\"}]},{\"@type\":\"WebSite\",\"@id\":\"https:\/\/blog.solstis.ch\/#website\",\"url\":\"https:\/\/blog.solstis.ch\/\",\"name\":\"Solstis\",\"description\":\"Solstis, donner au monde l&#039;\u00e9nergie d&#039;\u00eatre durable.\",\"potentialAction\":[{\"@type\":\"SearchAction\",\"target\":{\"@type\":\"EntryPoint\",\"urlTemplate\":\"https:\/\/blog.solstis.ch\/?s={search_term_string}\"},\"query-input\":{\"@type\":\"PropertyValueSpecification\",\"valueRequired\":true,\"valueName\":\"search_term_string\"}}],\"inLanguage\":\"fr-FR\"},{\"@type\":\"Person\",\"@id\":\"https:\/\/blog.solstis.ch\/#\/schema\/person\/5a9f5ef0a66b3e68c712ab62eeb4a1f9\",\"name\":\"admin\",\"image\":{\"@type\":\"ImageObject\",\"inLanguage\":\"fr-FR\",\"@id\":\"https:\/\/blog.solstis.ch\/#\/schema\/person\/image\/\",\"url\":\"https:\/\/secure.gravatar.com\/avatar\/8ba8fd08281e45cafc408887276f0396?s=96&d=mm&r=g\",\"contentUrl\":\"https:\/\/secure.gravatar.com\/avatar\/8ba8fd08281e45cafc408887276f0396?s=96&d=mm&r=g\",\"caption\":\"admin\"},\"url\":\"https:\/\/blog.solstis.ch\/index.php\/author\/admin\/\"}]}<\/script>\n<!-- \/ Yoast SEO plugin. -->","yoast_head_json":{"title":"Derni\u00e8res nouvelles des chantiers [mai 2019] - Solstis","robots":{"index":"index","follow":"follow","max-snippet":"max-snippet:-1","max-image-preview":"max-image-preview:large","max-video-preview":"max-video-preview:-1"},"canonical":"https:\/\/blog.solstis.ch\/index.php\/fr\/2019\/05\/28\/dernieres-nouvelles-des-chantiers-mai-2019\/","og_locale":"fr_FR","og_type":"article","og_title":"Derni\u00e8res nouvelles des chantiers [mai 2019] - Solstis","og_description":"Chantier Les Vergers &#8211; Meyrin Fin de la pose de 372 panneaux \u00ab\u00a0haute performance\u00a0\u00bb sur le toit du b\u00e2timent A13. [&hellip;]","og_url":"https:\/\/blog.solstis.ch\/index.php\/fr\/2019\/05\/28\/dernieres-nouvelles-des-chantiers-mai-2019\/","og_site_name":"Solstis","article_published_time":"2019-05-28T09:15:10+00:00","article_modified_time":"2019-05-28T09:26:13+00:00","og_image":[{"width":1024,"height":512,"url":"https:\/\/blog.solstis.ch\/wp-content\/uploads\/2019\/05\/Solstis-Chantier-Les-Vergers-Meyrin.jpg","type":"image\/jpeg"}],"author":"admin","twitter_card":"summary_large_image","twitter_misc":{"\u00c9crit par":"admin","Dur\u00e9e de lecture estim\u00e9e":"1 minute"},"schema":{"@context":"https:\/\/schema.org","@graph":[{"@type":"WebPage","@id":"https:\/\/blog.solstis.ch\/index.php\/fr\/2019\/05\/28\/dernieres-nouvelles-des-chantiers-mai-2019\/","url":"https:\/\/blog.solstis.ch\/index.php\/fr\/2019\/05\/28\/dernieres-nouvelles-des-chantiers-mai-2019\/","name":"Derni\u00e8res nouvelles des chantiers [mai 2019] - Solstis","isPartOf":{"@id":"https:\/\/blog.solstis.ch\/#website"},"primaryImageOfPage":{"@id":"https:\/\/blog.solstis.ch\/index.php\/fr\/2019\/05\/28\/dernieres-nouvelles-des-chantiers-mai-2019\/#primaryimage"},"image":{"@id":"https:\/\/blog.solstis.ch\/index.php\/fr\/2019\/05\/28\/dernieres-nouvelles-des-chantiers-mai-2019\/#primaryimage"},"thumbnailUrl":"https:\/\/blog.solstis.ch\/wp-content\/uploads\/2019\/05\/Solstis-Chantier-Les-Vergers-Meyrin.jpg","datePublished":"2019-05-28T09:15:10+00:00","dateModified":"2019-05-28T09:26:13+00:00","author":{"@id":"https:\/\/blog.solstis.ch\/#\/schema\/person\/5a9f5ef0a66b3e68c712ab62eeb4a1f9"},"breadcrumb":{"@id":"https:\/\/blog.solstis.ch\/index.php\/fr\/2019\/05\/28\/dernieres-nouvelles-des-chantiers-mai-2019\/#breadcrumb"},"inLanguage":"fr-FR","potentialAction":[{"@type":"ReadAction","target":["https:\/\/blog.solstis.ch\/index.php\/fr\/2019\/05\/28\/dernieres-nouvelles-des-chantiers-mai-2019\/"]}]},{"@type":"ImageObject","inLanguage":"fr-FR","@id":"https:\/\/blog.solstis.ch\/index.php\/fr\/2019\/05\/28\/dernieres-nouvelles-des-chantiers-mai-2019\/#primaryimage","url":"https:\/\/blog.solstis.ch\/wp-content\/uploads\/2019\/05\/Solstis-Chantier-Les-Vergers-Meyrin.jpg","contentUrl":"https:\/\/blog.solstis.ch\/wp-content\/uploads\/2019\/05\/Solstis-Chantier-Les-Vergers-Meyrin.jpg","width":1024,"height":512},{"@type":"BreadcrumbList","@id":"https:\/\/blog.solstis.ch\/index.php\/fr\/2019\/05\/28\/dernieres-nouvelles-des-chantiers-mai-2019\/#breadcrumb","itemListElement":[{"@type":"ListItem","position":1,"name":"Accueil","item":"https:\/\/blog.solstis.ch\/index.php\/fr\/blog\/"},{"@type":"ListItem","position":2,"name":"Derni\u00e8res nouvelles des chantiers [mai 2019]"}]},{"@type":"WebSite","@id":"https:\/\/blog.solstis.ch\/#website","url":"https:\/\/blog.solstis.ch\/","name":"Solstis","description":"Solstis, donner au monde l&#039;\u00e9nergie d&#039;\u00eatre durable.","potentialAction":[{"@type":"SearchAction","target":{"@type":"EntryPoint","urlTemplate":"https:\/\/blog.solstis.ch\/?s={search_term_string}"},"query-input":{"@type":"PropertyValueSpecification","valueRequired":true,"valueName":"search_term_string"}}],"inLanguage":"fr-FR"},{"@type":"Person","@id":"https:\/\/blog.solstis.ch\/#\/schema\/person\/5a9f5ef0a66b3e68c712ab62eeb4a1f9","name":"admin","image":{"@type":"ImageObject","inLanguage":"fr-FR","@id":"https:\/\/blog.solstis.ch\/#\/schema\/person\/image\/","url":"https:\/\/secure.gravatar.com\/avatar\/8ba8fd08281e45cafc408887276f0396?s=96&d=mm&r=g","contentUrl":"https:\/\/secure.gravatar.com\/avatar\/8ba8fd08281e45cafc408887276f0396?s=96&d=mm&r=g","caption":"admin"},"url":"https:\/\/blog.solstis.ch\/index.php\/author\/admin\/"}]}},"jetpack_sharing_enabled":true,"jetpack_featured_media_url":"https:\/\/blog.solstis.ch\/wp-content\/uploads\/2019\/05\/Solstis-Chantier-Les-Vergers-Meyrin.jpg","jetpack_shortlink":"https:\/\/wp.me\/pa0tUs-kP","_links":{"self":[{"href":"https:\/\/blog.solstis.ch\/index.php\/wp-json\/wp\/v2\/posts\/1291","targetHints":{"allow":["GET"]}}],"collection":[{"href":"https:\/\/blog.solstis.ch\/index.php\/wp-json\/wp\/v2\/posts"}],"about":[{"href":"https:\/\/blog.solstis.ch\/index.php\/wp-json\/wp\/v2\/types\/post"}],"author":[{"embeddable":true,"href":"https:\/\/blog.solstis.ch\/index.php\/wp-json\/wp\/v2\/users\/1"}],"replies":[{"embeddable":true,"href":"https:\/\/blog.solstis.ch\/index.php\/wp-json\/wp\/v2\/comments?post=1291"}],"version-history":[{"count":4,"href":"https:\/\/blog.solstis.ch\/index.php\/wp-json\/wp\/v2\/posts\/1291\/revisions"}],"predecessor-version":[{"id":1300,"href":"https:\/\/blog.solstis.ch\/index.php\/wp-json\/wp\/v2\/posts\/1291\/revisions\/1300"}],"wp:featuredmedia":[{"embeddable":true,"href":"https:\/\/blog.solstis.ch\/index.php\/wp-json\/wp\/v2\/media\/1293"}],"wp:attachment":[{"href":"https:\/\/blog.solstis.ch\/index.php\/wp-json\/wp\/v2\/media?parent=1291"}],"wp:term":[{"taxonomy":"category","embeddable":true,"href":"https:\/\/blog.solstis.ch\/index.php\/wp-json\/wp\/v2\/categories?post=1291"},{"taxonomy":"post_tag","embeddable":true,"href":"https:\/\/blog.solstis.ch\/index.php\/wp-json\/wp\/v2\/tags?post=1291"}],"curies":[{"name":"wp","href":"https:\/\/api.w.org\/{rel}","templated":true}]}}