{"id":1223,"date":"2019-01-31T07:51:46","date_gmt":"2019-01-31T06:51:46","guid":{"rendered":"http:\/\/blog.solstis.ch\/?p=1223"},"modified":"2019-07-30T17:37:06","modified_gmt":"2019-07-30T16:37:06","slug":"les-communautes-solaires-cle-en-main-de-solstis-seic-setendent-en-suisse-romande","status":"publish","type":"post","link":"https:\/\/blog.solstis.ch\/index.php\/fr\/2019\/01\/31\/les-communautes-solaires-cle-en-main-de-solstis-seic-setendent-en-suisse-romande\/","title":{"rendered":"Les communaut\u00e9s solaires cl\u00e9-en-main de Solstis-SEIC s\u2019\u00e9tendent en Suisse romande."},"content":{"rendered":"<p><strong>Avec la conclusion, en ce d\u00e9but d\u2019ann\u00e9e, de contrats d\u2019envergure visant \u00e0 mettre en place et g\u00e9rer des communaut\u00e9s solaires pour deux projets immobiliers distincts de respectivement 8 et 12 immeubles, la solution cl\u00e9-en-main propos\u00e9e par Solstis et <a href=\"https:\/\/seicgland.ch\" target=\"_blank\" rel=\"noopener\">SEIC<\/a> s\u00e9duit le march\u00e9 romand.<\/strong><\/p>\n<p>Depuis le 1er janvier 2018, la loi sur l\u2019\u00e9nergie offre de nouvelles opportunit\u00e9s en permettant aux occupants d\u2019un m\u00eame b\u00e2timent ou d\u2019un quartier entier de se regrouper afin de consommer ensemble l\u2019\u00e9lectricit\u00e9 solaire produite sur site. Ils b\u00e9n\u00e9ficient ainsi d\u2019une \u00e9nergie renouvelable locale, r\u00e9duisent leurs factures et leur d\u00e9pendance vis-\u00e0-vis de leur fournisseur d\u2019\u00e9lectricit\u00e9, tout en favorisant la rentabilit\u00e9 de l\u2019installation photovolta\u00efque.<\/p>\n<p>Le nouvel \u00e9co quartier du Cl\u00e9dard repr\u00e9sentera \u00e0 terme 100 logements, r\u00e9partis dans 8 immeubles, qui verront le jour sur la commune de Neyruz (FR) dans le courant 2019. Le plan de quartier se veut exemplaire du point de vue d\u00e9veloppement durable : b\u00e2timents \u00e0 tr\u00e8s haute performance \u00e9nerg\u00e9tique, 1\u2019056 panneaux photovolta\u00efques sur l\u2019ensemble des toitures, communaut\u00e9 d\u2019autoconsommateurs, batterie de stockage, mobilit\u00e9 douce, commerces de proximit\u00e9 et gestion des d\u00e9chets \u00e0 la source.<\/p>\n<p>L\u2019\u00e9co quartier Pra Roman est le r\u00e9sultat d\u2019un concours remport\u00e9 par la coop\u00e9rative de l\u2019habitat Associatif Codha, sur une parcelle de la ville de Lausanne. Ce projet de 86 logements, r\u00e9partis en 12 b\u00e2timents, respectera les normes Minergie-P-Eco et cherchera \u00e0 s\u2019inscrire dans les objectifs de la soci\u00e9t\u00e9 \u00e0 2000 Watts. Plus de 1\u2019000 m2 de panneaux photovolta\u00efques, fabriqu\u00e9s en Suisse, viendront alimenter les logements au travers d\u2019un regroupement d\u2019autoconsommateurs.<\/p>\n<p>La solution cl\u00e9-en-main de communaut\u00e9s solaires est le fruit de la collaboration entre Solstis et SEIC, initi\u00e9e il y a trois ans. Ces deux partenaires b\u00e9n\u00e9ficient d\u2019une longue expertise dans leurs domaines d\u2019activit\u00e9 respectifs.<\/p>\n<p>Sp\u00e9cialis\u00e9e dans le photovolta\u00efque depuis plus de 20 ans, Solstis se charge de la conception et la r\u00e9alisation de l\u2019installation solaire. En tant que distributeur d\u2019\u00e9lectricit\u00e9 romand depuis 1899, SEIC vient compl\u00e9ter cette infrastructure avec la mise en place de solutions certifi\u00e9es de mesure de la consommation. Les quantit\u00e9s d\u2019\u00e9lectricit\u00e9 provenant de l\u2019installation photovolta\u00efque et celle soutir\u00e9e du r\u00e9seau sont ainsi d\u00e9termin\u00e9es pour chaque membre de la communaut\u00e9 et ces consommations leur sont factur\u00e9es p\u00e9riodiquement pour le compte du propri\u00e9taire.<\/p>\n<p>Avec cette offre cl\u00e9-en-main, Solstis et SEIC facilitent grandement les d\u00e9marches de conception, mise en place et gestion de communaut\u00e9s solaires en Suisse romande. Les clients b\u00e9n\u00e9ficient ainsi d\u2019un interlocuteur unique pour administrer leur communaut\u00e9 solaire \u00e0 moindre frais pour une gestion sans effort et une optimisation de leurs investissements.<\/p>\n<p><a href=\"http:\/\/blog.solstis.ch\/wp-content\/uploads\/2019\/02\/Communautes-solaires-cle-en-main-Solstis-SEIC.pdf\" target=\"_blank\" rel=\"noopener\">Voir le communiqu\u00e9 de presse de Solstis et SEIC du 31 janvier 2019\u00a0<\/a><\/p>\n","protected":false},"excerpt":{"rendered":"<p> la solution cl\u00e9-en-main propos\u00e9e par Solstis et SEIC<\/p>\n","protected":false},"author":1,"featured_media":1225,"comment_status":"closed","ping_status":"open","sticky":true,"template":"","format":"standard","meta":{"jetpack_post_was_ever_published":false,"_jetpack_newsletter_access":"","_jetpack_dont_email_post_to_subs":false,"_jetpack_newsletter_tier_id":0,"_jetpack_memberships_contains_paywalled_content":false,"_jetpack_memberships_contains_paid_content":false,"footnotes":"","jetpack_publicize_message":"","jetpack_publicize_feature_enabled":true,"jetpack_social_post_already_shared":true,"jetpack_social_options":{"image_generator_settings":{"template":"highway","enabled":false},"version":2}},"categories":[115,33,224],"tags":[],"class_list":["post-1223","post","type-post","status-publish","format-standard","has-post-thumbnail","hentry","category-actualite","category-energie","category-solstis"],"jetpack_publicize_connections":[],"yoast_head":"<!-- This site is optimized with the Yoast SEO plugin v23.8 - https:\/\/yoast.com\/wordpress\/plugins\/seo\/ -->\n<title>Les communaut\u00e9s solaires cl\u00e9-en-main de Solstis-SEIC s\u2019\u00e9tendent en Suisse romande. - Solstis<\/title>\n<meta name=\"robots\" content=\"index, follow, max-snippet:-1, max-image-preview:large, max-video-preview:-1\" \/>\n<link rel=\"canonical\" href=\"https:\/\/blog.solstis.ch\/index.php\/fr\/2019\/01\/31\/les-communautes-solaires-cle-en-main-de-solstis-seic-setendent-en-suisse-romande\/\" \/>\n<meta property=\"og:locale\" content=\"fr_FR\" \/>\n<meta property=\"og:type\" content=\"article\" \/>\n<meta property=\"og:title\" content=\"Les communaut\u00e9s solaires cl\u00e9-en-main de Solstis-SEIC s\u2019\u00e9tendent en Suisse romande. - Solstis\" \/>\n<meta property=\"og:description\" content=\"la solution cl\u00e9-en-main propos\u00e9e par Solstis et SEIC\" \/>\n<meta property=\"og:url\" content=\"https:\/\/blog.solstis.ch\/index.php\/fr\/2019\/01\/31\/les-communautes-solaires-cle-en-main-de-solstis-seic-setendent-en-suisse-romande\/\" \/>\n<meta property=\"og:site_name\" content=\"Solstis\" \/>\n<meta property=\"article:published_time\" content=\"2019-01-31T06:51:46+00:00\" \/>\n<meta property=\"article:modified_time\" content=\"2019-07-30T16:37:06+00:00\" \/>\n<meta property=\"og:image\" content=\"https:\/\/blog.solstis.ch\/wp-content\/uploads\/2019\/02\/SEIC_fiche_RCP_Solstis-2.jpg\" \/>\n\t<meta property=\"og:image:width\" content=\"2481\" \/>\n\t<meta property=\"og:image:height\" content=\"803\" \/>\n\t<meta property=\"og:image:type\" content=\"image\/jpeg\" \/>\n<meta name=\"author\" content=\"admin\" \/>\n<meta name=\"twitter:card\" content=\"summary_large_image\" \/>\n<meta name=\"twitter:label1\" content=\"\u00c9crit par\" \/>\n\t<meta name=\"twitter:data1\" content=\"admin\" \/>\n\t<meta name=\"twitter:label2\" content=\"Dur\u00e9e de lecture estim\u00e9e\" \/>\n\t<meta name=\"twitter:data2\" content=\"2 minutes\" \/>\n<script type=\"application\/ld+json\" class=\"yoast-schema-graph\">{\"@context\":\"https:\/\/schema.org\",\"@graph\":[{\"@type\":\"WebPage\",\"@id\":\"https:\/\/blog.solstis.ch\/index.php\/fr\/2019\/01\/31\/les-communautes-solaires-cle-en-main-de-solstis-seic-setendent-en-suisse-romande\/\",\"url\":\"https:\/\/blog.solstis.ch\/index.php\/fr\/2019\/01\/31\/les-communautes-solaires-cle-en-main-de-solstis-seic-setendent-en-suisse-romande\/\",\"name\":\"Les communaut\u00e9s solaires cl\u00e9-en-main de Solstis-SEIC s\u2019\u00e9tendent en Suisse romande. - Solstis\",\"isPartOf\":{\"@id\":\"https:\/\/blog.solstis.ch\/#website\"},\"primaryImageOfPage\":{\"@id\":\"https:\/\/blog.solstis.ch\/index.php\/fr\/2019\/01\/31\/les-communautes-solaires-cle-en-main-de-solstis-seic-setendent-en-suisse-romande\/#primaryimage\"},\"image\":{\"@id\":\"https:\/\/blog.solstis.ch\/index.php\/fr\/2019\/01\/31\/les-communautes-solaires-cle-en-main-de-solstis-seic-setendent-en-suisse-romande\/#primaryimage\"},\"thumbnailUrl\":\"https:\/\/blog.solstis.ch\/wp-content\/uploads\/2019\/02\/SEIC_fiche_RCP_Solstis-2.jpg\",\"datePublished\":\"2019-01-31T06:51:46+00:00\",\"dateModified\":\"2019-07-30T16:37:06+00:00\",\"author\":{\"@id\":\"https:\/\/blog.solstis.ch\/#\/schema\/person\/5a9f5ef0a66b3e68c712ab62eeb4a1f9\"},\"breadcrumb\":{\"@id\":\"https:\/\/blog.solstis.ch\/index.php\/fr\/2019\/01\/31\/les-communautes-solaires-cle-en-main-de-solstis-seic-setendent-en-suisse-romande\/#breadcrumb\"},\"inLanguage\":\"fr-FR\",\"potentialAction\":[{\"@type\":\"ReadAction\",\"target\":[\"https:\/\/blog.solstis.ch\/index.php\/fr\/2019\/01\/31\/les-communautes-solaires-cle-en-main-de-solstis-seic-setendent-en-suisse-romande\/\"]}]},{\"@type\":\"ImageObject\",\"inLanguage\":\"fr-FR\",\"@id\":\"https:\/\/blog.solstis.ch\/index.php\/fr\/2019\/01\/31\/les-communautes-solaires-cle-en-main-de-solstis-seic-setendent-en-suisse-romande\/#primaryimage\",\"url\":\"https:\/\/blog.solstis.ch\/wp-content\/uploads\/2019\/02\/SEIC_fiche_RCP_Solstis-2.jpg\",\"contentUrl\":\"https:\/\/blog.solstis.ch\/wp-content\/uploads\/2019\/02\/SEIC_fiche_RCP_Solstis-2.jpg\",\"width\":2481,\"height\":803},{\"@type\":\"BreadcrumbList\",\"@id\":\"https:\/\/blog.solstis.ch\/index.php\/fr\/2019\/01\/31\/les-communautes-solaires-cle-en-main-de-solstis-seic-setendent-en-suisse-romande\/#breadcrumb\",\"itemListElement\":[{\"@type\":\"ListItem\",\"position\":1,\"name\":\"Accueil\",\"item\":\"https:\/\/blog.solstis.ch\/index.php\/fr\/blog\/\"},{\"@type\":\"ListItem\",\"position\":2,\"name\":\"Les communaut\u00e9s solaires cl\u00e9-en-main de Solstis-SEIC s\u2019\u00e9tendent en Suisse romande.\"}]},{\"@type\":\"WebSite\",\"@id\":\"https:\/\/blog.solstis.ch\/#website\",\"url\":\"https:\/\/blog.solstis.ch\/\",\"name\":\"Solstis\",\"description\":\"Solstis, donner au monde l&#039;\u00e9nergie d&#039;\u00eatre durable.\",\"potentialAction\":[{\"@type\":\"SearchAction\",\"target\":{\"@type\":\"EntryPoint\",\"urlTemplate\":\"https:\/\/blog.solstis.ch\/?s={search_term_string}\"},\"query-input\":{\"@type\":\"PropertyValueSpecification\",\"valueRequired\":true,\"valueName\":\"search_term_string\"}}],\"inLanguage\":\"fr-FR\"},{\"@type\":\"Person\",\"@id\":\"https:\/\/blog.solstis.ch\/#\/schema\/person\/5a9f5ef0a66b3e68c712ab62eeb4a1f9\",\"name\":\"admin\",\"image\":{\"@type\":\"ImageObject\",\"inLanguage\":\"fr-FR\",\"@id\":\"https:\/\/blog.solstis.ch\/#\/schema\/person\/image\/\",\"url\":\"https:\/\/secure.gravatar.com\/avatar\/8ba8fd08281e45cafc408887276f0396?s=96&d=mm&r=g\",\"contentUrl\":\"https:\/\/secure.gravatar.com\/avatar\/8ba8fd08281e45cafc408887276f0396?s=96&d=mm&r=g\",\"caption\":\"admin\"},\"url\":\"https:\/\/blog.solstis.ch\/index.php\/author\/admin\/\"}]}<\/script>\n<!-- \/ Yoast SEO plugin. -->","yoast_head_json":{"title":"Les communaut\u00e9s solaires cl\u00e9-en-main de Solstis-SEIC s\u2019\u00e9tendent en Suisse romande. - Solstis","robots":{"index":"index","follow":"follow","max-snippet":"max-snippet:-1","max-image-preview":"max-image-preview:large","max-video-preview":"max-video-preview:-1"},"canonical":"https:\/\/blog.solstis.ch\/index.php\/fr\/2019\/01\/31\/les-communautes-solaires-cle-en-main-de-solstis-seic-setendent-en-suisse-romande\/","og_locale":"fr_FR","og_type":"article","og_title":"Les communaut\u00e9s solaires cl\u00e9-en-main de Solstis-SEIC s\u2019\u00e9tendent en Suisse romande. - Solstis","og_description":"la solution cl\u00e9-en-main propos\u00e9e par Solstis et SEIC","og_url":"https:\/\/blog.solstis.ch\/index.php\/fr\/2019\/01\/31\/les-communautes-solaires-cle-en-main-de-solstis-seic-setendent-en-suisse-romande\/","og_site_name":"Solstis","article_published_time":"2019-01-31T06:51:46+00:00","article_modified_time":"2019-07-30T16:37:06+00:00","og_image":[{"width":2481,"height":803,"url":"https:\/\/blog.solstis.ch\/wp-content\/uploads\/2019\/02\/SEIC_fiche_RCP_Solstis-2.jpg","type":"image\/jpeg"}],"author":"admin","twitter_card":"summary_large_image","twitter_misc":{"\u00c9crit par":"admin","Dur\u00e9e de lecture estim\u00e9e":"2 minutes"},"schema":{"@context":"https:\/\/schema.org","@graph":[{"@type":"WebPage","@id":"https:\/\/blog.solstis.ch\/index.php\/fr\/2019\/01\/31\/les-communautes-solaires-cle-en-main-de-solstis-seic-setendent-en-suisse-romande\/","url":"https:\/\/blog.solstis.ch\/index.php\/fr\/2019\/01\/31\/les-communautes-solaires-cle-en-main-de-solstis-seic-setendent-en-suisse-romande\/","name":"Les communaut\u00e9s solaires cl\u00e9-en-main de Solstis-SEIC s\u2019\u00e9tendent en Suisse romande. - Solstis","isPartOf":{"@id":"https:\/\/blog.solstis.ch\/#website"},"primaryImageOfPage":{"@id":"https:\/\/blog.solstis.ch\/index.php\/fr\/2019\/01\/31\/les-communautes-solaires-cle-en-main-de-solstis-seic-setendent-en-suisse-romande\/#primaryimage"},"image":{"@id":"https:\/\/blog.solstis.ch\/index.php\/fr\/2019\/01\/31\/les-communautes-solaires-cle-en-main-de-solstis-seic-setendent-en-suisse-romande\/#primaryimage"},"thumbnailUrl":"https:\/\/blog.solstis.ch\/wp-content\/uploads\/2019\/02\/SEIC_fiche_RCP_Solstis-2.jpg","datePublished":"2019-01-31T06:51:46+00:00","dateModified":"2019-07-30T16:37:06+00:00","author":{"@id":"https:\/\/blog.solstis.ch\/#\/schema\/person\/5a9f5ef0a66b3e68c712ab62eeb4a1f9"},"breadcrumb":{"@id":"https:\/\/blog.solstis.ch\/index.php\/fr\/2019\/01\/31\/les-communautes-solaires-cle-en-main-de-solstis-seic-setendent-en-suisse-romande\/#breadcrumb"},"inLanguage":"fr-FR","potentialAction":[{"@type":"ReadAction","target":["https:\/\/blog.solstis.ch\/index.php\/fr\/2019\/01\/31\/les-communautes-solaires-cle-en-main-de-solstis-seic-setendent-en-suisse-romande\/"]}]},{"@type":"ImageObject","inLanguage":"fr-FR","@id":"https:\/\/blog.solstis.ch\/index.php\/fr\/2019\/01\/31\/les-communautes-solaires-cle-en-main-de-solstis-seic-setendent-en-suisse-romande\/#primaryimage","url":"https:\/\/blog.solstis.ch\/wp-content\/uploads\/2019\/02\/SEIC_fiche_RCP_Solstis-2.jpg","contentUrl":"https:\/\/blog.solstis.ch\/wp-content\/uploads\/2019\/02\/SEIC_fiche_RCP_Solstis-2.jpg","width":2481,"height":803},{"@type":"BreadcrumbList","@id":"https:\/\/blog.solstis.ch\/index.php\/fr\/2019\/01\/31\/les-communautes-solaires-cle-en-main-de-solstis-seic-setendent-en-suisse-romande\/#breadcrumb","itemListElement":[{"@type":"ListItem","position":1,"name":"Accueil","item":"https:\/\/blog.solstis.ch\/index.php\/fr\/blog\/"},{"@type":"ListItem","position":2,"name":"Les communaut\u00e9s solaires cl\u00e9-en-main de Solstis-SEIC s\u2019\u00e9tendent en Suisse romande."}]},{"@type":"WebSite","@id":"https:\/\/blog.solstis.ch\/#website","url":"https:\/\/blog.solstis.ch\/","name":"Solstis","description":"Solstis, donner au monde l&#039;\u00e9nergie d&#039;\u00eatre durable.","potentialAction":[{"@type":"SearchAction","target":{"@type":"EntryPoint","urlTemplate":"https:\/\/blog.solstis.ch\/?s={search_term_string}"},"query-input":{"@type":"PropertyValueSpecification","valueRequired":true,"valueName":"search_term_string"}}],"inLanguage":"fr-FR"},{"@type":"Person","@id":"https:\/\/blog.solstis.ch\/#\/schema\/person\/5a9f5ef0a66b3e68c712ab62eeb4a1f9","name":"admin","image":{"@type":"ImageObject","inLanguage":"fr-FR","@id":"https:\/\/blog.solstis.ch\/#\/schema\/person\/image\/","url":"https:\/\/secure.gravatar.com\/avatar\/8ba8fd08281e45cafc408887276f0396?s=96&d=mm&r=g","contentUrl":"https:\/\/secure.gravatar.com\/avatar\/8ba8fd08281e45cafc408887276f0396?s=96&d=mm&r=g","caption":"admin"},"url":"https:\/\/blog.solstis.ch\/index.php\/author\/admin\/"}]}},"jetpack_sharing_enabled":true,"jetpack_featured_media_url":"https:\/\/blog.solstis.ch\/wp-content\/uploads\/2019\/02\/SEIC_fiche_RCP_Solstis-2.jpg","jetpack_shortlink":"https:\/\/wp.me\/pa0tUs-jJ","_links":{"self":[{"href":"https:\/\/blog.solstis.ch\/index.php\/wp-json\/wp\/v2\/posts\/1223","targetHints":{"allow":["GET"]}}],"collection":[{"href":"https:\/\/blog.solstis.ch\/index.php\/wp-json\/wp\/v2\/posts"}],"about":[{"href":"https:\/\/blog.solstis.ch\/index.php\/wp-json\/wp\/v2\/types\/post"}],"author":[{"embeddable":true,"href":"https:\/\/blog.solstis.ch\/index.php\/wp-json\/wp\/v2\/users\/1"}],"replies":[{"embeddable":true,"href":"https:\/\/blog.solstis.ch\/index.php\/wp-json\/wp\/v2\/comments?post=1223"}],"version-history":[{"count":6,"href":"https:\/\/blog.solstis.ch\/index.php\/wp-json\/wp\/v2\/posts\/1223\/revisions"}],"predecessor-version":[{"id":1314,"href":"https:\/\/blog.solstis.ch\/index.php\/wp-json\/wp\/v2\/posts\/1223\/revisions\/1314"}],"wp:featuredmedia":[{"embeddable":true,"href":"https:\/\/blog.solstis.ch\/index.php\/wp-json\/wp\/v2\/media\/1225"}],"wp:attachment":[{"href":"https:\/\/blog.solstis.ch\/index.php\/wp-json\/wp\/v2\/media?parent=1223"}],"wp:term":[{"taxonomy":"category","embeddable":true,"href":"https:\/\/blog.solstis.ch\/index.php\/wp-json\/wp\/v2\/categories?post=1223"},{"taxonomy":"post_tag","embeddable":true,"href":"https:\/\/blog.solstis.ch\/index.php\/wp-json\/wp\/v2\/tags?post=1223"}],"curies":[{"name":"wp","href":"https:\/\/api.w.org\/{rel}","templated":true}]}}