{"id":1217,"date":"2019-01-28T15:37:53","date_gmt":"2019-01-28T14:37:53","guid":{"rendered":"http:\/\/blog.solstis.ch\/?p=1217"},"modified":"2019-01-28T15:43:02","modified_gmt":"2019-01-28T14:43:02","slug":"financement-participatif-pour-la-centrale-solaire-de-la-vaudoise-arena-a-malley","status":"publish","type":"post","link":"https:\/\/blog.solstis.ch\/index.php\/fr\/2019\/01\/28\/financement-participatif-pour-la-centrale-solaire-de-la-vaudoise-arena-a-malley\/","title":{"rendered":"Financement participatif pour la centrale solaire de la Vaudoise ar\u00e9na \u00e0 Malley"},"content":{"rendered":"<p>Solstis f\u00e9licite la soci\u00e9t\u00e9 SI-REN (Ville de Lausanne) pour le projet de la centrale solaire \u00a0\u00bb Vaudoise Ar\u00e9na \u00a0\u00bb et la remercie pour cette belle adjudication.<\/p>\n<p><strong>Crowdfunding<\/strong> : Contribuez vous-m\u00eame \u00e0 la transition \u00e9nerg\u00e9tique en aidant au financement de cette centrale.<br \/>\n(R\u00e9serv\u00e9 aux habitants des 27 communes de Lausanne R\u00e9gion).<br \/>\nPlus d&rsquo;infos : <a href=\"http:\/\/www.bit.ly\/2TlSb88\" target=\"_blank\" rel=\"noopener\">www.bit.ly\/2TlSb88<\/a><\/p>\n<p>La Vaudoise Ar\u00e9na est un complexe sportif \u00e0 vocation r\u00e9gionale qui ouvrira ses portes en septembre 2019. On y trouvera trois patinoires (principale, d\u2019entra\u00eenement et ext\u00e9rieure), un centre aquatique (bassin de plongeon, olympique 50m, de loisir et pataugeoire), un centre d\u2019escrime et un centre de tennis de table.<\/p>\n<p>Il accueillera les Jeux Olympiques de la Jeunesse d\u2019hiver et les Championnats du monde de hockey sur glace en 2020. Le LHC y jouera \u00e9galement ses matchs \u00e0 domicile.<\/p>\n<p>Il est pr\u00e9vu\u00a0d\u2019installer plus 2000 panneaux solaires sur le toit de la Vaudoise ar\u00e9na, permettant ainsi de couvrir une partie importante de la consommation \u00e9lectrique du b\u00e2timent.<\/p>\n<p>&nbsp;<\/p>\n","protected":false},"excerpt":{"rendered":"<p>Contribuez vous-m\u00eame \u00e0 la transition \u00e9nerg\u00e9tique.<\/p>\n","protected":false},"author":1,"featured_media":1218,"comment_status":"closed","ping_status":"open","sticky":true,"template":"","format":"standard","meta":{"jetpack_post_was_ever_published":false,"_jetpack_newsletter_access":"","_jetpack_dont_email_post_to_subs":false,"_jetpack_newsletter_tier_id":0,"_jetpack_memberships_contains_paywalled_content":false,"_jetpack_memberships_contains_paid_content":false,"footnotes":"","jetpack_publicize_message":"","jetpack_publicize_feature_enabled":true,"jetpack_social_post_already_shared":true,"jetpack_social_options":{"image_generator_settings":{"template":"highway","enabled":false},"version":2}},"categories":[115,33],"tags":[],"class_list":["post-1217","post","type-post","status-publish","format-standard","has-post-thumbnail","hentry","category-actualite","category-energie"],"jetpack_publicize_connections":[],"yoast_head":"<!-- This site is optimized with the Yoast SEO plugin v23.8 - https:\/\/yoast.com\/wordpress\/plugins\/seo\/ -->\n<title>Financement participatif pour la centrale solaire de la Vaudoise ar\u00e9na \u00e0 Malley - Solstis<\/title>\n<meta name=\"robots\" content=\"index, follow, max-snippet:-1, max-image-preview:large, max-video-preview:-1\" \/>\n<link rel=\"canonical\" href=\"https:\/\/blog.solstis.ch\/index.php\/fr\/2019\/01\/28\/financement-participatif-pour-la-centrale-solaire-de-la-vaudoise-arena-a-malley\/\" \/>\n<meta property=\"og:locale\" content=\"fr_FR\" \/>\n<meta property=\"og:type\" content=\"article\" \/>\n<meta property=\"og:title\" content=\"Financement participatif pour la centrale solaire de la Vaudoise ar\u00e9na \u00e0 Malley - Solstis\" \/>\n<meta property=\"og:description\" content=\"Contribuez vous-m\u00eame \u00e0 la transition \u00e9nerg\u00e9tique.\" \/>\n<meta property=\"og:url\" content=\"https:\/\/blog.solstis.ch\/index.php\/fr\/2019\/01\/28\/financement-participatif-pour-la-centrale-solaire-de-la-vaudoise-arena-a-malley\/\" \/>\n<meta property=\"og:site_name\" content=\"Solstis\" \/>\n<meta property=\"article:published_time\" content=\"2019-01-28T14:37:53+00:00\" \/>\n<meta property=\"article:modified_time\" content=\"2019-01-28T14:43:02+00:00\" \/>\n<meta property=\"og:image\" content=\"https:\/\/blog.solstis.ch\/wp-content\/uploads\/2019\/01\/siren-crowfunding.png\" \/>\n\t<meta property=\"og:image:width\" content=\"715\" \/>\n\t<meta property=\"og:image:height\" content=\"337\" \/>\n\t<meta property=\"og:image:type\" content=\"image\/png\" \/>\n<meta name=\"author\" content=\"admin\" \/>\n<meta name=\"twitter:card\" content=\"summary_large_image\" \/>\n<meta name=\"twitter:label1\" content=\"\u00c9crit par\" \/>\n\t<meta name=\"twitter:data1\" content=\"admin\" \/>\n\t<meta name=\"twitter:label2\" content=\"Dur\u00e9e de lecture estim\u00e9e\" \/>\n\t<meta name=\"twitter:data2\" content=\"1 minute\" \/>\n<script type=\"application\/ld+json\" class=\"yoast-schema-graph\">{\"@context\":\"https:\/\/schema.org\",\"@graph\":[{\"@type\":\"WebPage\",\"@id\":\"https:\/\/blog.solstis.ch\/index.php\/fr\/2019\/01\/28\/financement-participatif-pour-la-centrale-solaire-de-la-vaudoise-arena-a-malley\/\",\"url\":\"https:\/\/blog.solstis.ch\/index.php\/fr\/2019\/01\/28\/financement-participatif-pour-la-centrale-solaire-de-la-vaudoise-arena-a-malley\/\",\"name\":\"Financement participatif pour la centrale solaire de la Vaudoise ar\u00e9na \u00e0 Malley - Solstis\",\"isPartOf\":{\"@id\":\"https:\/\/blog.solstis.ch\/#website\"},\"primaryImageOfPage\":{\"@id\":\"https:\/\/blog.solstis.ch\/index.php\/fr\/2019\/01\/28\/financement-participatif-pour-la-centrale-solaire-de-la-vaudoise-arena-a-malley\/#primaryimage\"},\"image\":{\"@id\":\"https:\/\/blog.solstis.ch\/index.php\/fr\/2019\/01\/28\/financement-participatif-pour-la-centrale-solaire-de-la-vaudoise-arena-a-malley\/#primaryimage\"},\"thumbnailUrl\":\"https:\/\/blog.solstis.ch\/wp-content\/uploads\/2019\/01\/siren-crowfunding.png\",\"datePublished\":\"2019-01-28T14:37:53+00:00\",\"dateModified\":\"2019-01-28T14:43:02+00:00\",\"author\":{\"@id\":\"https:\/\/blog.solstis.ch\/#\/schema\/person\/5a9f5ef0a66b3e68c712ab62eeb4a1f9\"},\"breadcrumb\":{\"@id\":\"https:\/\/blog.solstis.ch\/index.php\/fr\/2019\/01\/28\/financement-participatif-pour-la-centrale-solaire-de-la-vaudoise-arena-a-malley\/#breadcrumb\"},\"inLanguage\":\"fr-FR\",\"potentialAction\":[{\"@type\":\"ReadAction\",\"target\":[\"https:\/\/blog.solstis.ch\/index.php\/fr\/2019\/01\/28\/financement-participatif-pour-la-centrale-solaire-de-la-vaudoise-arena-a-malley\/\"]}]},{\"@type\":\"ImageObject\",\"inLanguage\":\"fr-FR\",\"@id\":\"https:\/\/blog.solstis.ch\/index.php\/fr\/2019\/01\/28\/financement-participatif-pour-la-centrale-solaire-de-la-vaudoise-arena-a-malley\/#primaryimage\",\"url\":\"https:\/\/blog.solstis.ch\/wp-content\/uploads\/2019\/01\/siren-crowfunding.png\",\"contentUrl\":\"https:\/\/blog.solstis.ch\/wp-content\/uploads\/2019\/01\/siren-crowfunding.png\",\"width\":715,\"height\":337},{\"@type\":\"BreadcrumbList\",\"@id\":\"https:\/\/blog.solstis.ch\/index.php\/fr\/2019\/01\/28\/financement-participatif-pour-la-centrale-solaire-de-la-vaudoise-arena-a-malley\/#breadcrumb\",\"itemListElement\":[{\"@type\":\"ListItem\",\"position\":1,\"name\":\"Accueil\",\"item\":\"https:\/\/blog.solstis.ch\/index.php\/fr\/blog\/\"},{\"@type\":\"ListItem\",\"position\":2,\"name\":\"Financement participatif pour la centrale solaire de la Vaudoise ar\u00e9na \u00e0 Malley\"}]},{\"@type\":\"WebSite\",\"@id\":\"https:\/\/blog.solstis.ch\/#website\",\"url\":\"https:\/\/blog.solstis.ch\/\",\"name\":\"Solstis\",\"description\":\"Solstis, donner au monde l&#039;\u00e9nergie d&#039;\u00eatre durable.\",\"potentialAction\":[{\"@type\":\"SearchAction\",\"target\":{\"@type\":\"EntryPoint\",\"urlTemplate\":\"https:\/\/blog.solstis.ch\/?s={search_term_string}\"},\"query-input\":{\"@type\":\"PropertyValueSpecification\",\"valueRequired\":true,\"valueName\":\"search_term_string\"}}],\"inLanguage\":\"fr-FR\"},{\"@type\":\"Person\",\"@id\":\"https:\/\/blog.solstis.ch\/#\/schema\/person\/5a9f5ef0a66b3e68c712ab62eeb4a1f9\",\"name\":\"admin\",\"image\":{\"@type\":\"ImageObject\",\"inLanguage\":\"fr-FR\",\"@id\":\"https:\/\/blog.solstis.ch\/#\/schema\/person\/image\/\",\"url\":\"https:\/\/secure.gravatar.com\/avatar\/8ba8fd08281e45cafc408887276f0396?s=96&d=mm&r=g\",\"contentUrl\":\"https:\/\/secure.gravatar.com\/avatar\/8ba8fd08281e45cafc408887276f0396?s=96&d=mm&r=g\",\"caption\":\"admin\"},\"url\":\"https:\/\/blog.solstis.ch\/index.php\/author\/admin\/\"}]}<\/script>\n<!-- \/ Yoast SEO plugin. -->","yoast_head_json":{"title":"Financement participatif pour la centrale solaire de la Vaudoise ar\u00e9na \u00e0 Malley - Solstis","robots":{"index":"index","follow":"follow","max-snippet":"max-snippet:-1","max-image-preview":"max-image-preview:large","max-video-preview":"max-video-preview:-1"},"canonical":"https:\/\/blog.solstis.ch\/index.php\/fr\/2019\/01\/28\/financement-participatif-pour-la-centrale-solaire-de-la-vaudoise-arena-a-malley\/","og_locale":"fr_FR","og_type":"article","og_title":"Financement participatif pour la centrale solaire de la Vaudoise ar\u00e9na \u00e0 Malley - Solstis","og_description":"Contribuez vous-m\u00eame \u00e0 la transition \u00e9nerg\u00e9tique.","og_url":"https:\/\/blog.solstis.ch\/index.php\/fr\/2019\/01\/28\/financement-participatif-pour-la-centrale-solaire-de-la-vaudoise-arena-a-malley\/","og_site_name":"Solstis","article_published_time":"2019-01-28T14:37:53+00:00","article_modified_time":"2019-01-28T14:43:02+00:00","og_image":[{"width":715,"height":337,"url":"https:\/\/blog.solstis.ch\/wp-content\/uploads\/2019\/01\/siren-crowfunding.png","type":"image\/png"}],"author":"admin","twitter_card":"summary_large_image","twitter_misc":{"\u00c9crit par":"admin","Dur\u00e9e de lecture estim\u00e9e":"1 minute"},"schema":{"@context":"https:\/\/schema.org","@graph":[{"@type":"WebPage","@id":"https:\/\/blog.solstis.ch\/index.php\/fr\/2019\/01\/28\/financement-participatif-pour-la-centrale-solaire-de-la-vaudoise-arena-a-malley\/","url":"https:\/\/blog.solstis.ch\/index.php\/fr\/2019\/01\/28\/financement-participatif-pour-la-centrale-solaire-de-la-vaudoise-arena-a-malley\/","name":"Financement participatif pour la centrale solaire de la Vaudoise ar\u00e9na \u00e0 Malley - Solstis","isPartOf":{"@id":"https:\/\/blog.solstis.ch\/#website"},"primaryImageOfPage":{"@id":"https:\/\/blog.solstis.ch\/index.php\/fr\/2019\/01\/28\/financement-participatif-pour-la-centrale-solaire-de-la-vaudoise-arena-a-malley\/#primaryimage"},"image":{"@id":"https:\/\/blog.solstis.ch\/index.php\/fr\/2019\/01\/28\/financement-participatif-pour-la-centrale-solaire-de-la-vaudoise-arena-a-malley\/#primaryimage"},"thumbnailUrl":"https:\/\/blog.solstis.ch\/wp-content\/uploads\/2019\/01\/siren-crowfunding.png","datePublished":"2019-01-28T14:37:53+00:00","dateModified":"2019-01-28T14:43:02+00:00","author":{"@id":"https:\/\/blog.solstis.ch\/#\/schema\/person\/5a9f5ef0a66b3e68c712ab62eeb4a1f9"},"breadcrumb":{"@id":"https:\/\/blog.solstis.ch\/index.php\/fr\/2019\/01\/28\/financement-participatif-pour-la-centrale-solaire-de-la-vaudoise-arena-a-malley\/#breadcrumb"},"inLanguage":"fr-FR","potentialAction":[{"@type":"ReadAction","target":["https:\/\/blog.solstis.ch\/index.php\/fr\/2019\/01\/28\/financement-participatif-pour-la-centrale-solaire-de-la-vaudoise-arena-a-malley\/"]}]},{"@type":"ImageObject","inLanguage":"fr-FR","@id":"https:\/\/blog.solstis.ch\/index.php\/fr\/2019\/01\/28\/financement-participatif-pour-la-centrale-solaire-de-la-vaudoise-arena-a-malley\/#primaryimage","url":"https:\/\/blog.solstis.ch\/wp-content\/uploads\/2019\/01\/siren-crowfunding.png","contentUrl":"https:\/\/blog.solstis.ch\/wp-content\/uploads\/2019\/01\/siren-crowfunding.png","width":715,"height":337},{"@type":"BreadcrumbList","@id":"https:\/\/blog.solstis.ch\/index.php\/fr\/2019\/01\/28\/financement-participatif-pour-la-centrale-solaire-de-la-vaudoise-arena-a-malley\/#breadcrumb","itemListElement":[{"@type":"ListItem","position":1,"name":"Accueil","item":"https:\/\/blog.solstis.ch\/index.php\/fr\/blog\/"},{"@type":"ListItem","position":2,"name":"Financement participatif pour la centrale solaire de la Vaudoise ar\u00e9na \u00e0 Malley"}]},{"@type":"WebSite","@id":"https:\/\/blog.solstis.ch\/#website","url":"https:\/\/blog.solstis.ch\/","name":"Solstis","description":"Solstis, donner au monde l&#039;\u00e9nergie d&#039;\u00eatre durable.","potentialAction":[{"@type":"SearchAction","target":{"@type":"EntryPoint","urlTemplate":"https:\/\/blog.solstis.ch\/?s={search_term_string}"},"query-input":{"@type":"PropertyValueSpecification","valueRequired":true,"valueName":"search_term_string"}}],"inLanguage":"fr-FR"},{"@type":"Person","@id":"https:\/\/blog.solstis.ch\/#\/schema\/person\/5a9f5ef0a66b3e68c712ab62eeb4a1f9","name":"admin","image":{"@type":"ImageObject","inLanguage":"fr-FR","@id":"https:\/\/blog.solstis.ch\/#\/schema\/person\/image\/","url":"https:\/\/secure.gravatar.com\/avatar\/8ba8fd08281e45cafc408887276f0396?s=96&d=mm&r=g","contentUrl":"https:\/\/secure.gravatar.com\/avatar\/8ba8fd08281e45cafc408887276f0396?s=96&d=mm&r=g","caption":"admin"},"url":"https:\/\/blog.solstis.ch\/index.php\/author\/admin\/"}]}},"jetpack_sharing_enabled":true,"jetpack_featured_media_url":"https:\/\/blog.solstis.ch\/wp-content\/uploads\/2019\/01\/siren-crowfunding.png","jetpack_shortlink":"https:\/\/wp.me\/pa0tUs-jD","_links":{"self":[{"href":"https:\/\/blog.solstis.ch\/index.php\/wp-json\/wp\/v2\/posts\/1217","targetHints":{"allow":["GET"]}}],"collection":[{"href":"https:\/\/blog.solstis.ch\/index.php\/wp-json\/wp\/v2\/posts"}],"about":[{"href":"https:\/\/blog.solstis.ch\/index.php\/wp-json\/wp\/v2\/types\/post"}],"author":[{"embeddable":true,"href":"https:\/\/blog.solstis.ch\/index.php\/wp-json\/wp\/v2\/users\/1"}],"replies":[{"embeddable":true,"href":"https:\/\/blog.solstis.ch\/index.php\/wp-json\/wp\/v2\/comments?post=1217"}],"version-history":[{"count":4,"href":"https:\/\/blog.solstis.ch\/index.php\/wp-json\/wp\/v2\/posts\/1217\/revisions"}],"predecessor-version":[{"id":1222,"href":"https:\/\/blog.solstis.ch\/index.php\/wp-json\/wp\/v2\/posts\/1217\/revisions\/1222"}],"wp:featuredmedia":[{"embeddable":true,"href":"https:\/\/blog.solstis.ch\/index.php\/wp-json\/wp\/v2\/media\/1218"}],"wp:attachment":[{"href":"https:\/\/blog.solstis.ch\/index.php\/wp-json\/wp\/v2\/media?parent=1217"}],"wp:term":[{"taxonomy":"category","embeddable":true,"href":"https:\/\/blog.solstis.ch\/index.php\/wp-json\/wp\/v2\/categories?post=1217"},{"taxonomy":"post_tag","embeddable":true,"href":"https:\/\/blog.solstis.ch\/index.php\/wp-json\/wp\/v2\/tags?post=1217"}],"curies":[{"name":"wp","href":"https:\/\/api.w.org\/{rel}","templated":true}]}}