{"id":1211,"date":"2019-01-18T10:33:10","date_gmt":"2019-01-18T09:33:10","guid":{"rendered":"http:\/\/blog.solstis.ch\/?p=1211"},"modified":"2019-01-21T10:53:29","modified_gmt":"2019-01-21T09:53:29","slug":"un-nouveau-silo-pare-de-facades-photovoltaiques-a-renens-vd","status":"publish","type":"post","link":"https:\/\/blog.solstis.ch\/index.php\/fr\/2019\/01\/18\/un-nouveau-silo-pare-de-facades-photovoltaiques-a-renens-vd\/","title":{"rendered":"Un nouveau silo par\u00e9 de fa\u00e7ades photovolta\u00efques \u00e0 Renens (VD)"},"content":{"rendered":"<p>Solstis est heureux d&rsquo;avoir collabor\u00e9 avec l&rsquo;entreprise PROGIN SA METAL \u00e0 l&rsquo;\u00e9laboration de cette belle r\u00e9alisation \u00e0 Renens (VD). Une fa\u00e7ade ventil\u00e9e de 6&rsquo;000 m2, dont 1&rsquo;335 m2 de panneaux photovolta\u00efques.\u00a0Le b\u00e2timent r\u00e9pond aux exigences du\u00a0standard Minergie-P.<\/p>\n<p>\u00c0 l\u2019extr\u00e9mit\u00e9 est du site des entrep\u00f4ts, au sud\u00a0de la gare de Renens, la nouvelle construction rappelle, de par sa volum\u00e9trie, le c\u00e9l\u00e8bre \u00absilo\u00a0bleu\u00bb, implant\u00e9 le long des voies ferr\u00e9es. Les\u00a015 \u00e9tages du nouveau b\u00e2timent abritent d\u00e9sormais<br \/>\n273 studios, destin\u00e9s \u00e0 accueillir des \u00e9tudiants\u00a0dans un environnement fonctionnel et confortable.<br \/>\nLe rez-de-chauss\u00e9e donne sur une place nouvellement am\u00e9nag\u00e9e le long de l\u2019avenue du Silo et sera anim\u00e9 par une surface commerciale et administrative.<\/p>\n<p>Le b\u00e2timent, \u00e9quip\u00e9 de 427 panneaux photovolta\u00efques en fa\u00e7ades (1335 m2), pourra produire une puissance de 131\u2009626 Wp (Watt-peak), soit la possibilit\u00e9 de couvrir son\u00a0autonomie \u00e9nerg\u00e9tique de pr\u00e8s de 60%. Une pergola, se\u00a0trouvant sur la terrasse du 14\u00e8me \u00e9tage, poss\u00e8de \u00e9galement\u00a0128 panneaux photovolta\u00efques (190 m2) produisant 8,2 kW.<\/p>\n","protected":false},"excerpt":{"rendered":"<p>Solstis est heureux d&rsquo;avoir collabor\u00e9 \u00e0 l&rsquo;\u00e9laboration de cette belle r\u00e9alisation.<\/p>\n","protected":false},"author":1,"featured_media":1212,"comment_status":"closed","ping_status":"open","sticky":true,"template":"","format":"standard","meta":{"jetpack_post_was_ever_published":false,"_jetpack_newsletter_access":"","_jetpack_dont_email_post_to_subs":false,"_jetpack_newsletter_tier_id":0,"_jetpack_memberships_contains_paywalled_content":false,"_jetpack_memberships_contains_paid_content":false,"footnotes":"","jetpack_publicize_message":"","jetpack_publicize_feature_enabled":true,"jetpack_social_post_already_shared":true,"jetpack_social_options":{"image_generator_settings":{"template":"highway","enabled":false},"version":2}},"categories":[115,224,61,47],"tags":[],"class_list":["post-1211","post","type-post","status-publish","format-standard","has-post-thumbnail","hentry","category-actualite","category-solstis","category-technologie","category-urbanisme"],"jetpack_publicize_connections":[],"yoast_head":"<!-- This site is optimized with the Yoast SEO plugin v23.8 - https:\/\/yoast.com\/wordpress\/plugins\/seo\/ -->\n<title>Un nouveau silo par\u00e9 de fa\u00e7ades photovolta\u00efques \u00e0 Renens (VD) - Solstis<\/title>\n<meta name=\"robots\" content=\"index, follow, max-snippet:-1, max-image-preview:large, max-video-preview:-1\" \/>\n<link rel=\"canonical\" href=\"https:\/\/blog.solstis.ch\/index.php\/fr\/2019\/01\/18\/un-nouveau-silo-pare-de-facades-photovoltaiques-a-renens-vd\/\" \/>\n<meta property=\"og:locale\" content=\"fr_FR\" \/>\n<meta property=\"og:type\" content=\"article\" \/>\n<meta property=\"og:title\" content=\"Un nouveau silo par\u00e9 de fa\u00e7ades photovolta\u00efques \u00e0 Renens (VD) - Solstis\" \/>\n<meta property=\"og:description\" content=\"Solstis est heureux d&#039;avoir collabor\u00e9 \u00e0 l&#039;\u00e9laboration de cette belle r\u00e9alisation.\" \/>\n<meta property=\"og:url\" content=\"https:\/\/blog.solstis.ch\/index.php\/fr\/2019\/01\/18\/un-nouveau-silo-pare-de-facades-photovoltaiques-a-renens-vd\/\" \/>\n<meta property=\"og:site_name\" content=\"Solstis\" \/>\n<meta property=\"article:published_time\" content=\"2019-01-18T09:33:10+00:00\" \/>\n<meta property=\"article:modified_time\" content=\"2019-01-21T09:53:29+00:00\" \/>\n<meta property=\"og:image\" content=\"https:\/\/blog.solstis.ch\/wp-content\/uploads\/2019\/01\/le-silo-bleu-renens-facade-photovoltaique.jpg\" \/>\n\t<meta property=\"og:image:width\" content=\"1200\" \/>\n\t<meta property=\"og:image:height\" content=\"633\" \/>\n\t<meta property=\"og:image:type\" content=\"image\/jpeg\" \/>\n<meta name=\"author\" content=\"admin\" \/>\n<meta name=\"twitter:card\" content=\"summary_large_image\" \/>\n<meta name=\"twitter:label1\" content=\"\u00c9crit par\" \/>\n\t<meta name=\"twitter:data1\" content=\"admin\" \/>\n\t<meta name=\"twitter:label2\" content=\"Dur\u00e9e de lecture estim\u00e9e\" \/>\n\t<meta name=\"twitter:data2\" content=\"1 minute\" \/>\n<script type=\"application\/ld+json\" class=\"yoast-schema-graph\">{\"@context\":\"https:\/\/schema.org\",\"@graph\":[{\"@type\":\"WebPage\",\"@id\":\"https:\/\/blog.solstis.ch\/index.php\/fr\/2019\/01\/18\/un-nouveau-silo-pare-de-facades-photovoltaiques-a-renens-vd\/\",\"url\":\"https:\/\/blog.solstis.ch\/index.php\/fr\/2019\/01\/18\/un-nouveau-silo-pare-de-facades-photovoltaiques-a-renens-vd\/\",\"name\":\"Un nouveau silo par\u00e9 de fa\u00e7ades photovolta\u00efques \u00e0 Renens (VD) - Solstis\",\"isPartOf\":{\"@id\":\"https:\/\/blog.solstis.ch\/#website\"},\"primaryImageOfPage\":{\"@id\":\"https:\/\/blog.solstis.ch\/index.php\/fr\/2019\/01\/18\/un-nouveau-silo-pare-de-facades-photovoltaiques-a-renens-vd\/#primaryimage\"},\"image\":{\"@id\":\"https:\/\/blog.solstis.ch\/index.php\/fr\/2019\/01\/18\/un-nouveau-silo-pare-de-facades-photovoltaiques-a-renens-vd\/#primaryimage\"},\"thumbnailUrl\":\"https:\/\/blog.solstis.ch\/wp-content\/uploads\/2019\/01\/le-silo-bleu-renens-facade-photovoltaique.jpg\",\"datePublished\":\"2019-01-18T09:33:10+00:00\",\"dateModified\":\"2019-01-21T09:53:29+00:00\",\"author\":{\"@id\":\"https:\/\/blog.solstis.ch\/#\/schema\/person\/5a9f5ef0a66b3e68c712ab62eeb4a1f9\"},\"breadcrumb\":{\"@id\":\"https:\/\/blog.solstis.ch\/index.php\/fr\/2019\/01\/18\/un-nouveau-silo-pare-de-facades-photovoltaiques-a-renens-vd\/#breadcrumb\"},\"inLanguage\":\"fr-FR\",\"potentialAction\":[{\"@type\":\"ReadAction\",\"target\":[\"https:\/\/blog.solstis.ch\/index.php\/fr\/2019\/01\/18\/un-nouveau-silo-pare-de-facades-photovoltaiques-a-renens-vd\/\"]}]},{\"@type\":\"ImageObject\",\"inLanguage\":\"fr-FR\",\"@id\":\"https:\/\/blog.solstis.ch\/index.php\/fr\/2019\/01\/18\/un-nouveau-silo-pare-de-facades-photovoltaiques-a-renens-vd\/#primaryimage\",\"url\":\"https:\/\/blog.solstis.ch\/wp-content\/uploads\/2019\/01\/le-silo-bleu-renens-facade-photovoltaique.jpg\",\"contentUrl\":\"https:\/\/blog.solstis.ch\/wp-content\/uploads\/2019\/01\/le-silo-bleu-renens-facade-photovoltaique.jpg\",\"width\":1200,\"height\":633},{\"@type\":\"BreadcrumbList\",\"@id\":\"https:\/\/blog.solstis.ch\/index.php\/fr\/2019\/01\/18\/un-nouveau-silo-pare-de-facades-photovoltaiques-a-renens-vd\/#breadcrumb\",\"itemListElement\":[{\"@type\":\"ListItem\",\"position\":1,\"name\":\"Accueil\",\"item\":\"https:\/\/blog.solstis.ch\/index.php\/fr\/blog\/\"},{\"@type\":\"ListItem\",\"position\":2,\"name\":\"Un nouveau silo par\u00e9 de fa\u00e7ades photovolta\u00efques \u00e0 Renens (VD)\"}]},{\"@type\":\"WebSite\",\"@id\":\"https:\/\/blog.solstis.ch\/#website\",\"url\":\"https:\/\/blog.solstis.ch\/\",\"name\":\"Solstis\",\"description\":\"Solstis, donner au monde l&#039;\u00e9nergie d&#039;\u00eatre durable.\",\"potentialAction\":[{\"@type\":\"SearchAction\",\"target\":{\"@type\":\"EntryPoint\",\"urlTemplate\":\"https:\/\/blog.solstis.ch\/?s={search_term_string}\"},\"query-input\":{\"@type\":\"PropertyValueSpecification\",\"valueRequired\":true,\"valueName\":\"search_term_string\"}}],\"inLanguage\":\"fr-FR\"},{\"@type\":\"Person\",\"@id\":\"https:\/\/blog.solstis.ch\/#\/schema\/person\/5a9f5ef0a66b3e68c712ab62eeb4a1f9\",\"name\":\"admin\",\"image\":{\"@type\":\"ImageObject\",\"inLanguage\":\"fr-FR\",\"@id\":\"https:\/\/blog.solstis.ch\/#\/schema\/person\/image\/\",\"url\":\"https:\/\/secure.gravatar.com\/avatar\/8ba8fd08281e45cafc408887276f0396?s=96&d=mm&r=g\",\"contentUrl\":\"https:\/\/secure.gravatar.com\/avatar\/8ba8fd08281e45cafc408887276f0396?s=96&d=mm&r=g\",\"caption\":\"admin\"},\"url\":\"https:\/\/blog.solstis.ch\/index.php\/author\/admin\/\"}]}<\/script>\n<!-- \/ Yoast SEO plugin. -->","yoast_head_json":{"title":"Un nouveau silo par\u00e9 de fa\u00e7ades photovolta\u00efques \u00e0 Renens (VD) - Solstis","robots":{"index":"index","follow":"follow","max-snippet":"max-snippet:-1","max-image-preview":"max-image-preview:large","max-video-preview":"max-video-preview:-1"},"canonical":"https:\/\/blog.solstis.ch\/index.php\/fr\/2019\/01\/18\/un-nouveau-silo-pare-de-facades-photovoltaiques-a-renens-vd\/","og_locale":"fr_FR","og_type":"article","og_title":"Un nouveau silo par\u00e9 de fa\u00e7ades photovolta\u00efques \u00e0 Renens (VD) - Solstis","og_description":"Solstis est heureux d'avoir collabor\u00e9 \u00e0 l'\u00e9laboration de cette belle r\u00e9alisation.","og_url":"https:\/\/blog.solstis.ch\/index.php\/fr\/2019\/01\/18\/un-nouveau-silo-pare-de-facades-photovoltaiques-a-renens-vd\/","og_site_name":"Solstis","article_published_time":"2019-01-18T09:33:10+00:00","article_modified_time":"2019-01-21T09:53:29+00:00","og_image":[{"width":1200,"height":633,"url":"https:\/\/blog.solstis.ch\/wp-content\/uploads\/2019\/01\/le-silo-bleu-renens-facade-photovoltaique.jpg","type":"image\/jpeg"}],"author":"admin","twitter_card":"summary_large_image","twitter_misc":{"\u00c9crit par":"admin","Dur\u00e9e de lecture estim\u00e9e":"1 minute"},"schema":{"@context":"https:\/\/schema.org","@graph":[{"@type":"WebPage","@id":"https:\/\/blog.solstis.ch\/index.php\/fr\/2019\/01\/18\/un-nouveau-silo-pare-de-facades-photovoltaiques-a-renens-vd\/","url":"https:\/\/blog.solstis.ch\/index.php\/fr\/2019\/01\/18\/un-nouveau-silo-pare-de-facades-photovoltaiques-a-renens-vd\/","name":"Un nouveau silo par\u00e9 de fa\u00e7ades photovolta\u00efques \u00e0 Renens (VD) - Solstis","isPartOf":{"@id":"https:\/\/blog.solstis.ch\/#website"},"primaryImageOfPage":{"@id":"https:\/\/blog.solstis.ch\/index.php\/fr\/2019\/01\/18\/un-nouveau-silo-pare-de-facades-photovoltaiques-a-renens-vd\/#primaryimage"},"image":{"@id":"https:\/\/blog.solstis.ch\/index.php\/fr\/2019\/01\/18\/un-nouveau-silo-pare-de-facades-photovoltaiques-a-renens-vd\/#primaryimage"},"thumbnailUrl":"https:\/\/blog.solstis.ch\/wp-content\/uploads\/2019\/01\/le-silo-bleu-renens-facade-photovoltaique.jpg","datePublished":"2019-01-18T09:33:10+00:00","dateModified":"2019-01-21T09:53:29+00:00","author":{"@id":"https:\/\/blog.solstis.ch\/#\/schema\/person\/5a9f5ef0a66b3e68c712ab62eeb4a1f9"},"breadcrumb":{"@id":"https:\/\/blog.solstis.ch\/index.php\/fr\/2019\/01\/18\/un-nouveau-silo-pare-de-facades-photovoltaiques-a-renens-vd\/#breadcrumb"},"inLanguage":"fr-FR","potentialAction":[{"@type":"ReadAction","target":["https:\/\/blog.solstis.ch\/index.php\/fr\/2019\/01\/18\/un-nouveau-silo-pare-de-facades-photovoltaiques-a-renens-vd\/"]}]},{"@type":"ImageObject","inLanguage":"fr-FR","@id":"https:\/\/blog.solstis.ch\/index.php\/fr\/2019\/01\/18\/un-nouveau-silo-pare-de-facades-photovoltaiques-a-renens-vd\/#primaryimage","url":"https:\/\/blog.solstis.ch\/wp-content\/uploads\/2019\/01\/le-silo-bleu-renens-facade-photovoltaique.jpg","contentUrl":"https:\/\/blog.solstis.ch\/wp-content\/uploads\/2019\/01\/le-silo-bleu-renens-facade-photovoltaique.jpg","width":1200,"height":633},{"@type":"BreadcrumbList","@id":"https:\/\/blog.solstis.ch\/index.php\/fr\/2019\/01\/18\/un-nouveau-silo-pare-de-facades-photovoltaiques-a-renens-vd\/#breadcrumb","itemListElement":[{"@type":"ListItem","position":1,"name":"Accueil","item":"https:\/\/blog.solstis.ch\/index.php\/fr\/blog\/"},{"@type":"ListItem","position":2,"name":"Un nouveau silo par\u00e9 de fa\u00e7ades photovolta\u00efques \u00e0 Renens (VD)"}]},{"@type":"WebSite","@id":"https:\/\/blog.solstis.ch\/#website","url":"https:\/\/blog.solstis.ch\/","name":"Solstis","description":"Solstis, donner au monde l&#039;\u00e9nergie d&#039;\u00eatre durable.","potentialAction":[{"@type":"SearchAction","target":{"@type":"EntryPoint","urlTemplate":"https:\/\/blog.solstis.ch\/?s={search_term_string}"},"query-input":{"@type":"PropertyValueSpecification","valueRequired":true,"valueName":"search_term_string"}}],"inLanguage":"fr-FR"},{"@type":"Person","@id":"https:\/\/blog.solstis.ch\/#\/schema\/person\/5a9f5ef0a66b3e68c712ab62eeb4a1f9","name":"admin","image":{"@type":"ImageObject","inLanguage":"fr-FR","@id":"https:\/\/blog.solstis.ch\/#\/schema\/person\/image\/","url":"https:\/\/secure.gravatar.com\/avatar\/8ba8fd08281e45cafc408887276f0396?s=96&d=mm&r=g","contentUrl":"https:\/\/secure.gravatar.com\/avatar\/8ba8fd08281e45cafc408887276f0396?s=96&d=mm&r=g","caption":"admin"},"url":"https:\/\/blog.solstis.ch\/index.php\/author\/admin\/"}]}},"jetpack_sharing_enabled":true,"jetpack_featured_media_url":"https:\/\/blog.solstis.ch\/wp-content\/uploads\/2019\/01\/le-silo-bleu-renens-facade-photovoltaique.jpg","jetpack_shortlink":"https:\/\/wp.me\/pa0tUs-jx","_links":{"self":[{"href":"https:\/\/blog.solstis.ch\/index.php\/wp-json\/wp\/v2\/posts\/1211","targetHints":{"allow":["GET"]}}],"collection":[{"href":"https:\/\/blog.solstis.ch\/index.php\/wp-json\/wp\/v2\/posts"}],"about":[{"href":"https:\/\/blog.solstis.ch\/index.php\/wp-json\/wp\/v2\/types\/post"}],"author":[{"embeddable":true,"href":"https:\/\/blog.solstis.ch\/index.php\/wp-json\/wp\/v2\/users\/1"}],"replies":[{"embeddable":true,"href":"https:\/\/blog.solstis.ch\/index.php\/wp-json\/wp\/v2\/comments?post=1211"}],"version-history":[{"count":4,"href":"https:\/\/blog.solstis.ch\/index.php\/wp-json\/wp\/v2\/posts\/1211\/revisions"}],"predecessor-version":[{"id":1216,"href":"https:\/\/blog.solstis.ch\/index.php\/wp-json\/wp\/v2\/posts\/1211\/revisions\/1216"}],"wp:featuredmedia":[{"embeddable":true,"href":"https:\/\/blog.solstis.ch\/index.php\/wp-json\/wp\/v2\/media\/1212"}],"wp:attachment":[{"href":"https:\/\/blog.solstis.ch\/index.php\/wp-json\/wp\/v2\/media?parent=1211"}],"wp:term":[{"taxonomy":"category","embeddable":true,"href":"https:\/\/blog.solstis.ch\/index.php\/wp-json\/wp\/v2\/categories?post=1211"},{"taxonomy":"post_tag","embeddable":true,"href":"https:\/\/blog.solstis.ch\/index.php\/wp-json\/wp\/v2\/tags?post=1211"}],"curies":[{"name":"wp","href":"https:\/\/api.w.org\/{rel}","templated":true}]}}