{"id":1198,"date":"2018-12-10T09:33:05","date_gmt":"2018-12-10T08:33:05","guid":{"rendered":"http:\/\/blog.solstis.ch\/?p=1198"},"modified":"2018-12-10T10:12:02","modified_gmt":"2018-12-10T09:12:02","slug":"autoconsommation-et-integration-au-batiment","status":"publish","type":"post","link":"https:\/\/blog.solstis.ch\/index.php\/fr\/2018\/12\/10\/autoconsommation-et-integration-au-batiment\/","title":{"rendered":"Autoconsommation et int\u00e9gration au b\u00e2timent"},"content":{"rendered":"<p>[\u00a0<strong>Article paru dans Propri\u00e9taire Magazine\u00a0 \u2013 proprietaire.ch<\/strong>\u00a0]<\/p>\n<h3>Retour sur deux exp\u00e9riences &#8211; t\u00e9moignages<\/h3>\n<p>Pour les constructions nouvelles ou existantes, les exigences en termes d\u2019efficacit\u00e9 \u00e9nerg\u00e9tique et de part d\u2019\u00e9nergie renouvelable ne cessent d\u2019augmenter. Pour\u00a0les satisfaire, les solutions existent et pr\u00e9sentent chacune leurs avantages et<br \/>\ninconv\u00e9nients. Pour illustrer cela, revenons sur deux exemples concrets, r\u00e9alis\u00e9s\u00a0par la soci\u00e9t\u00e9 Solstis SA. A Villeneuve, la famille Waldmann a install\u00e9 un syst\u00e8me\u00a0complet comprenant panneaux, chauffe-eau et batterie. Du c\u00f4t\u00e9 de Lutry, une<br \/>\nvilla a vu sa toiture se transformer en tuiles photovolta\u00efques de couleur, garantissant\u00a0une parfaite int\u00e9gration dans le paysage.<\/p>\n<p>Comment utiliser au mieux les nouvelles possibilit\u00e9s offertes par les panneaux photovolta\u00efques ? Nombreux sont ceux qui, \u00e0 l\u2019heure de se d\u00e9cider, aimeraient se baser sur des solutions appliqu\u00e9es. Deux projets sont mis en \u00e9vidence dans cet article. Le premier d\u00e9montre comment augmenter son taux d\u2019autoconsommation gr\u00e2ce \u00e0 une utilisation optimis\u00e9e de son \u00e9lectricit\u00e9. Le deuxi\u00e8me exemple illustre les capacit\u00e9s d\u2019int\u00e9gration des nouveaux panneaux solaires.<\/p>\n<h3>A l\u2019heure de l\u2019avant-projet<\/h3>\n<p>Chaque projet photovolta\u00efque est li\u00e9 \u00e0 son environnement direct, qu\u2019il convient de bien analyser pour se lancer dans la bonne direction. La maison de la famille Waldmann date des ann\u00e9es 70 et se chauffe \u00e0 l\u2019aide d\u2019une chaudi\u00e8re \u00e0 condensation \u00e0 gaz. \u00ab Nous avons ajout\u00e9 de l\u2019isolation et chang\u00e9 les fen\u00eatres, mais nous voulions ajouter une composante \u00e9cologique en recourant \u00e0 de l\u2019\u00e9nergie propre. C\u2019est le courrier (ndlr : concernant la d\u00e9duction pour les imp\u00f4ts) re\u00e7u du canton en d\u00e9but 2017 qui nous a mis en route \u00bb, explique Kari-Anne Waldmann.<\/p>\n<p>Aujourd\u2019hui, les subventions f\u00e9d\u00e9rales ou cantonales peuvent atteindre jusqu\u2019\u00e0 30% des frais d\u2019investissements. Concernant les subventions f\u00e9d\u00e9rales, c\u2019est dor\u00e9navant Pronovo AG (filiale \u00e0 100% de Swissgrid) qui s\u2019occupe des r\u00e9tributions.<\/p>\n<h3>Les panneaux coupl\u00e9s \u00e0 d\u2019autres technologies<\/h3>\n<p>Apr\u00e8s avoir approch\u00e9 deux entreprises pionni\u00e8res du solaire en Suisse, la famille Waldmann raconte : \u00ab Les deux soci\u00e9t\u00e9s nous ont propos\u00e9 de coupler les panneaux photovolta\u00efques avec un chauffe-eau pompe \u00e0 chaleur. Nous n\u2019avions jamais entendu parler de cette solution mais le fait que deux soci\u00e9t\u00e9s nous la proposent nous a donn\u00e9 confiance \u00bb. En effet, le num\u00e9ro 6 de \u00ab Propri\u00e9taire Magazine \u00bb, paru en octobre 2018 \u00e9voque cette technologie de stockage qui favorise l\u2019autoconsommation. Il permet de chauffer l\u2019eau chaude sanitaire gr\u00e2ce au surplus de production d\u2019\u00e9lectricit\u00e9 durant la journ\u00e9e.<\/p>\n<p>L\u2019installation de la famille Waldmann ne s\u2019arr\u00eate pas l\u00e0, un troisi\u00e8me composant est \u00e9galement venu s\u2019int\u00e9grer autour de l\u2019installation photovolta\u00efque : \u00ab Au d\u00e9but, nous n\u2019avons pas choisi d\u2019acheter une batterie car on nous pr\u00e9sentait cela comme trop cher. Les panneaux ont \u00e9t\u00e9 pos\u00e9s en ao\u00fbt 2017 mais quand les subsides cantonaux pour la batterie ont \u00e9t\u00e9 annonc\u00e9s en octobre 2017, nous avons d\u00e9cid\u00e9 d\u2019en acqu\u00e9rir une, notamment pour consommer le moins possible du r\u00e9seau. \u00bb<\/p>\n<h3>Bien analyser\u00a0pour se lancer dans\u00a0la bonne direction.<\/h3>\n<h3>Les panneaux offrent une palette de solutions.<\/h3>\n<p>Gr\u00e2ce \u00e0 l\u2019installation des panneaux photovolta\u00efque, d\u2019un chauffeeau avec pompe \u00e0 chaleur ainsi qu\u2019une batterie de stockage, l\u2019utilisation de l\u2019\u00e9lectricit\u00e9 est optimis\u00e9e et l\u2019utilisation locale en est maximis\u00e9e. Les premi\u00e8res factures donnent un aper\u00e7u du changement en termes de consommation de gaz et d\u2019\u00e9lectricit\u00e9 : \u00ab Nous manquons encore de recul sur les factures, mais pour le gaz, entre ao\u00fbt 2017 et mars 2018, nous avions d\u00e9j\u00e0 \u00e9conomis\u00e9 500 francs par rapport au d\u00e9compte de l\u2019ann\u00e9e pr\u00e9c\u00e9dente.<\/p>\n<p>Pour l\u2019\u00e9lectricit\u00e9, nous avons eu une facture n\u00e9gative pendant les 6 derniers mois (facture d\u2019avril \u00e0 juin 2018 et de juillet \u00e0 septembre 2018). Nous pensons que c\u2019est d\u00fb \u00e0 la batterie qui nous fait consommer tr\u00e8s peu du r\u00e9seau et \u00e0 l\u2019excellent ensoleillement de l\u2019\u00e9t\u00e9 2018. \u00bb<\/p>\n<h3>Syst\u00e8mes photovolta\u00efques int\u00e9gr\u00e9s au b\u00e2timent<\/h3>\n<p>Aujourd\u2019hui, il n\u2019y a plus de limites dans la cr\u00e9ation de panneaux photovolta\u00efques. Que cela soit au niveau de la forme, de la transparence ou de la couleur, les panneaux offrent \u00e0 pr\u00e9sent une palette de solutions d\u2019int\u00e9gration int\u00e9ressantes. Etant \u00e0 la fois une partie de l\u2019enveloppe du b\u00e2timent et un g\u00e9n\u00e9rateur de puissance, ces installations permettent de r\u00e9duire les co\u00fbts d\u2019investissement initiaux par rapport \u00e0 une construction traditionnelle o\u00f9 les modules photovolta\u00efques ne remplacent pas l\u2019\u00e9l\u00e9ment structurel de base.<\/p>\n<p>De la barri\u00e8re de balcon \u00e0 une toiture semi-transparente pour un hangar ou une ferme, les solutions d\u2019int\u00e9gration offrent de nouvelles surfaces \u00e0 exploiter. A Lutry, le choix d\u2019une installation int\u00e9gr\u00e9e en tuile de couleur terracotta d\u00e9montre l\u2019usage de ces nouvelles opportunit\u00e9s. \u00ab La villa sise au bord du lac \u00e0 Lutry se\u00a0situe dans la zone de protection du Lavaux, [\u2026] la demande du client \u00e9tait de profiter de la r\u00e9fection de la toiture pour y poser des panneaux solaires utiles tant au fonctionnement de la maison qu\u2019\u00e0 l\u2019alimentation d\u2019une future voiture \u00e9lectrique, \u00bb explique Gregor Stoll, architecte en charge de ce projet.<\/p>\n<p>\u00ab La n\u00e9cessit\u00e9 de trouver des tuiles solaires \u00e9tait une \u00e9vidence, la couleur primant sur la forme \u00e9tant donn\u00e9 que les petites tuiles plates solaires, m\u00eame si annonc\u00e9es par Tesla, ne sont pas \u00e0 l\u2019ordre du jour. La vision du toit se faisant surtout de loin (du lac), l\u2019impact visuel premier \u00e9tait de fondre l\u2019intervention et ne pas attirer l\u2019oeil sur la maison. Ainsi le choix de travailler avec les panneaux couleur terracotta comme les tuiles terre cuites \u00e9tait la donn\u00e9e de base. \u00bb<\/p>\n<p>Tant les contraintes \u00e9nerg\u00e9tiques que l\u2019impact visuel peuvent \u00e0 pr\u00e9sent \u00eatre satisfaits. D\u00e9pendamment de la couleur choisie, la perte de rendement d\u2019un panneau color\u00e9 sera de l\u2019ordre de 7 \u00e0 20 %.<\/p>\n","protected":false},"excerpt":{"rendered":"<p>[ Article paru dans Propri\u00e9taire Magazine  \u2013 proprietaire.ch ] Retour sur deux exp\u00e9riences \u2013 t\u00e9moignages<\/p>\n","protected":false},"author":1,"featured_media":1204,"comment_status":"closed","ping_status":"open","sticky":true,"template":"","format":"standard","meta":{"jetpack_post_was_ever_published":false,"_jetpack_newsletter_access":"","_jetpack_dont_email_post_to_subs":false,"_jetpack_newsletter_tier_id":0,"_jetpack_memberships_contains_paywalled_content":false,"_jetpack_memberships_contains_paid_content":false,"footnotes":"","jetpack_publicize_message":"","jetpack_publicize_feature_enabled":true,"jetpack_social_post_already_shared":true,"jetpack_social_options":{"image_generator_settings":{"template":"highway","enabled":false},"version":2}},"categories":[115,33,224],"tags":[],"class_list":["post-1198","post","type-post","status-publish","format-standard","has-post-thumbnail","hentry","category-actualite","category-energie","category-solstis"],"jetpack_publicize_connections":[],"yoast_head":"<!-- This site is optimized with the Yoast SEO plugin v23.8 - https:\/\/yoast.com\/wordpress\/plugins\/seo\/ -->\n<title>Autoconsommation et int\u00e9gration au b\u00e2timent - Solstis<\/title>\n<meta name=\"robots\" content=\"index, follow, max-snippet:-1, max-image-preview:large, max-video-preview:-1\" \/>\n<link rel=\"canonical\" href=\"https:\/\/blog.solstis.ch\/index.php\/fr\/2018\/12\/10\/autoconsommation-et-integration-au-batiment\/\" \/>\n<meta property=\"og:locale\" content=\"fr_FR\" \/>\n<meta property=\"og:type\" content=\"article\" \/>\n<meta property=\"og:title\" content=\"Autoconsommation et int\u00e9gration au b\u00e2timent - Solstis\" \/>\n<meta property=\"og:description\" content=\"[ Article paru dans Propri\u00e9taire Magazine \u2013 proprietaire.ch ] Retour sur deux exp\u00e9riences \u2013 t\u00e9moignages\" \/>\n<meta property=\"og:url\" content=\"https:\/\/blog.solstis.ch\/index.php\/fr\/2018\/12\/10\/autoconsommation-et-integration-au-batiment\/\" \/>\n<meta property=\"og:site_name\" content=\"Solstis\" \/>\n<meta property=\"article:published_time\" content=\"2018-12-10T08:33:05+00:00\" \/>\n<meta property=\"article:modified_time\" content=\"2018-12-10T09:12:02+00:00\" \/>\n<meta property=\"og:image\" content=\"https:\/\/blog.solstis.ch\/wp-content\/uploads\/2018\/12\/magazine-proprietaire-autoconsommation-et-integration-au-batiment-1.jpg\" \/>\n\t<meta property=\"og:image:width\" content=\"1280\" \/>\n\t<meta property=\"og:image:height\" content=\"853\" \/>\n\t<meta property=\"og:image:type\" content=\"image\/jpeg\" \/>\n<meta name=\"author\" content=\"admin\" \/>\n<meta name=\"twitter:card\" content=\"summary_large_image\" \/>\n<meta name=\"twitter:label1\" content=\"\u00c9crit par\" \/>\n\t<meta name=\"twitter:data1\" content=\"admin\" \/>\n\t<meta name=\"twitter:label2\" content=\"Dur\u00e9e de lecture estim\u00e9e\" \/>\n\t<meta name=\"twitter:data2\" content=\"5 minutes\" \/>\n<script type=\"application\/ld+json\" class=\"yoast-schema-graph\">{\"@context\":\"https:\/\/schema.org\",\"@graph\":[{\"@type\":\"WebPage\",\"@id\":\"https:\/\/blog.solstis.ch\/index.php\/fr\/2018\/12\/10\/autoconsommation-et-integration-au-batiment\/\",\"url\":\"https:\/\/blog.solstis.ch\/index.php\/fr\/2018\/12\/10\/autoconsommation-et-integration-au-batiment\/\",\"name\":\"Autoconsommation et int\u00e9gration au b\u00e2timent - Solstis\",\"isPartOf\":{\"@id\":\"https:\/\/blog.solstis.ch\/#website\"},\"primaryImageOfPage\":{\"@id\":\"https:\/\/blog.solstis.ch\/index.php\/fr\/2018\/12\/10\/autoconsommation-et-integration-au-batiment\/#primaryimage\"},\"image\":{\"@id\":\"https:\/\/blog.solstis.ch\/index.php\/fr\/2018\/12\/10\/autoconsommation-et-integration-au-batiment\/#primaryimage\"},\"thumbnailUrl\":\"https:\/\/blog.solstis.ch\/wp-content\/uploads\/2018\/12\/magazine-proprietaire-autoconsommation-et-integration-au-batiment-1.jpg\",\"datePublished\":\"2018-12-10T08:33:05+00:00\",\"dateModified\":\"2018-12-10T09:12:02+00:00\",\"author\":{\"@id\":\"https:\/\/blog.solstis.ch\/#\/schema\/person\/5a9f5ef0a66b3e68c712ab62eeb4a1f9\"},\"breadcrumb\":{\"@id\":\"https:\/\/blog.solstis.ch\/index.php\/fr\/2018\/12\/10\/autoconsommation-et-integration-au-batiment\/#breadcrumb\"},\"inLanguage\":\"fr-FR\",\"potentialAction\":[{\"@type\":\"ReadAction\",\"target\":[\"https:\/\/blog.solstis.ch\/index.php\/fr\/2018\/12\/10\/autoconsommation-et-integration-au-batiment\/\"]}]},{\"@type\":\"ImageObject\",\"inLanguage\":\"fr-FR\",\"@id\":\"https:\/\/blog.solstis.ch\/index.php\/fr\/2018\/12\/10\/autoconsommation-et-integration-au-batiment\/#primaryimage\",\"url\":\"https:\/\/blog.solstis.ch\/wp-content\/uploads\/2018\/12\/magazine-proprietaire-autoconsommation-et-integration-au-batiment-1.jpg\",\"contentUrl\":\"https:\/\/blog.solstis.ch\/wp-content\/uploads\/2018\/12\/magazine-proprietaire-autoconsommation-et-integration-au-batiment-1.jpg\",\"width\":1280,\"height\":853},{\"@type\":\"BreadcrumbList\",\"@id\":\"https:\/\/blog.solstis.ch\/index.php\/fr\/2018\/12\/10\/autoconsommation-et-integration-au-batiment\/#breadcrumb\",\"itemListElement\":[{\"@type\":\"ListItem\",\"position\":1,\"name\":\"Accueil\",\"item\":\"https:\/\/blog.solstis.ch\/index.php\/fr\/blog\/\"},{\"@type\":\"ListItem\",\"position\":2,\"name\":\"Autoconsommation et int\u00e9gration au b\u00e2timent\"}]},{\"@type\":\"WebSite\",\"@id\":\"https:\/\/blog.solstis.ch\/#website\",\"url\":\"https:\/\/blog.solstis.ch\/\",\"name\":\"Solstis\",\"description\":\"Solstis, donner au monde l&#039;\u00e9nergie d&#039;\u00eatre durable.\",\"potentialAction\":[{\"@type\":\"SearchAction\",\"target\":{\"@type\":\"EntryPoint\",\"urlTemplate\":\"https:\/\/blog.solstis.ch\/?s={search_term_string}\"},\"query-input\":{\"@type\":\"PropertyValueSpecification\",\"valueRequired\":true,\"valueName\":\"search_term_string\"}}],\"inLanguage\":\"fr-FR\"},{\"@type\":\"Person\",\"@id\":\"https:\/\/blog.solstis.ch\/#\/schema\/person\/5a9f5ef0a66b3e68c712ab62eeb4a1f9\",\"name\":\"admin\",\"image\":{\"@type\":\"ImageObject\",\"inLanguage\":\"fr-FR\",\"@id\":\"https:\/\/blog.solstis.ch\/#\/schema\/person\/image\/\",\"url\":\"https:\/\/secure.gravatar.com\/avatar\/8ba8fd08281e45cafc408887276f0396?s=96&d=mm&r=g\",\"contentUrl\":\"https:\/\/secure.gravatar.com\/avatar\/8ba8fd08281e45cafc408887276f0396?s=96&d=mm&r=g\",\"caption\":\"admin\"},\"url\":\"https:\/\/blog.solstis.ch\/index.php\/author\/admin\/\"}]}<\/script>\n<!-- \/ Yoast SEO plugin. -->","yoast_head_json":{"title":"Autoconsommation et int\u00e9gration au b\u00e2timent - Solstis","robots":{"index":"index","follow":"follow","max-snippet":"max-snippet:-1","max-image-preview":"max-image-preview:large","max-video-preview":"max-video-preview:-1"},"canonical":"https:\/\/blog.solstis.ch\/index.php\/fr\/2018\/12\/10\/autoconsommation-et-integration-au-batiment\/","og_locale":"fr_FR","og_type":"article","og_title":"Autoconsommation et int\u00e9gration au b\u00e2timent - Solstis","og_description":"[ Article paru dans Propri\u00e9taire Magazine \u2013 proprietaire.ch ] Retour sur deux exp\u00e9riences \u2013 t\u00e9moignages","og_url":"https:\/\/blog.solstis.ch\/index.php\/fr\/2018\/12\/10\/autoconsommation-et-integration-au-batiment\/","og_site_name":"Solstis","article_published_time":"2018-12-10T08:33:05+00:00","article_modified_time":"2018-12-10T09:12:02+00:00","og_image":[{"width":1280,"height":853,"url":"https:\/\/blog.solstis.ch\/wp-content\/uploads\/2018\/12\/magazine-proprietaire-autoconsommation-et-integration-au-batiment-1.jpg","type":"image\/jpeg"}],"author":"admin","twitter_card":"summary_large_image","twitter_misc":{"\u00c9crit par":"admin","Dur\u00e9e de lecture estim\u00e9e":"5 minutes"},"schema":{"@context":"https:\/\/schema.org","@graph":[{"@type":"WebPage","@id":"https:\/\/blog.solstis.ch\/index.php\/fr\/2018\/12\/10\/autoconsommation-et-integration-au-batiment\/","url":"https:\/\/blog.solstis.ch\/index.php\/fr\/2018\/12\/10\/autoconsommation-et-integration-au-batiment\/","name":"Autoconsommation et int\u00e9gration au b\u00e2timent - Solstis","isPartOf":{"@id":"https:\/\/blog.solstis.ch\/#website"},"primaryImageOfPage":{"@id":"https:\/\/blog.solstis.ch\/index.php\/fr\/2018\/12\/10\/autoconsommation-et-integration-au-batiment\/#primaryimage"},"image":{"@id":"https:\/\/blog.solstis.ch\/index.php\/fr\/2018\/12\/10\/autoconsommation-et-integration-au-batiment\/#primaryimage"},"thumbnailUrl":"https:\/\/blog.solstis.ch\/wp-content\/uploads\/2018\/12\/magazine-proprietaire-autoconsommation-et-integration-au-batiment-1.jpg","datePublished":"2018-12-10T08:33:05+00:00","dateModified":"2018-12-10T09:12:02+00:00","author":{"@id":"https:\/\/blog.solstis.ch\/#\/schema\/person\/5a9f5ef0a66b3e68c712ab62eeb4a1f9"},"breadcrumb":{"@id":"https:\/\/blog.solstis.ch\/index.php\/fr\/2018\/12\/10\/autoconsommation-et-integration-au-batiment\/#breadcrumb"},"inLanguage":"fr-FR","potentialAction":[{"@type":"ReadAction","target":["https:\/\/blog.solstis.ch\/index.php\/fr\/2018\/12\/10\/autoconsommation-et-integration-au-batiment\/"]}]},{"@type":"ImageObject","inLanguage":"fr-FR","@id":"https:\/\/blog.solstis.ch\/index.php\/fr\/2018\/12\/10\/autoconsommation-et-integration-au-batiment\/#primaryimage","url":"https:\/\/blog.solstis.ch\/wp-content\/uploads\/2018\/12\/magazine-proprietaire-autoconsommation-et-integration-au-batiment-1.jpg","contentUrl":"https:\/\/blog.solstis.ch\/wp-content\/uploads\/2018\/12\/magazine-proprietaire-autoconsommation-et-integration-au-batiment-1.jpg","width":1280,"height":853},{"@type":"BreadcrumbList","@id":"https:\/\/blog.solstis.ch\/index.php\/fr\/2018\/12\/10\/autoconsommation-et-integration-au-batiment\/#breadcrumb","itemListElement":[{"@type":"ListItem","position":1,"name":"Accueil","item":"https:\/\/blog.solstis.ch\/index.php\/fr\/blog\/"},{"@type":"ListItem","position":2,"name":"Autoconsommation et int\u00e9gration au b\u00e2timent"}]},{"@type":"WebSite","@id":"https:\/\/blog.solstis.ch\/#website","url":"https:\/\/blog.solstis.ch\/","name":"Solstis","description":"Solstis, donner au monde l&#039;\u00e9nergie d&#039;\u00eatre durable.","potentialAction":[{"@type":"SearchAction","target":{"@type":"EntryPoint","urlTemplate":"https:\/\/blog.solstis.ch\/?s={search_term_string}"},"query-input":{"@type":"PropertyValueSpecification","valueRequired":true,"valueName":"search_term_string"}}],"inLanguage":"fr-FR"},{"@type":"Person","@id":"https:\/\/blog.solstis.ch\/#\/schema\/person\/5a9f5ef0a66b3e68c712ab62eeb4a1f9","name":"admin","image":{"@type":"ImageObject","inLanguage":"fr-FR","@id":"https:\/\/blog.solstis.ch\/#\/schema\/person\/image\/","url":"https:\/\/secure.gravatar.com\/avatar\/8ba8fd08281e45cafc408887276f0396?s=96&d=mm&r=g","contentUrl":"https:\/\/secure.gravatar.com\/avatar\/8ba8fd08281e45cafc408887276f0396?s=96&d=mm&r=g","caption":"admin"},"url":"https:\/\/blog.solstis.ch\/index.php\/author\/admin\/"}]}},"jetpack_sharing_enabled":true,"jetpack_featured_media_url":"https:\/\/blog.solstis.ch\/wp-content\/uploads\/2018\/12\/magazine-proprietaire-autoconsommation-et-integration-au-batiment-1.jpg","jetpack_shortlink":"https:\/\/wp.me\/pa0tUs-jk","_links":{"self":[{"href":"https:\/\/blog.solstis.ch\/index.php\/wp-json\/wp\/v2\/posts\/1198","targetHints":{"allow":["GET"]}}],"collection":[{"href":"https:\/\/blog.solstis.ch\/index.php\/wp-json\/wp\/v2\/posts"}],"about":[{"href":"https:\/\/blog.solstis.ch\/index.php\/wp-json\/wp\/v2\/types\/post"}],"author":[{"embeddable":true,"href":"https:\/\/blog.solstis.ch\/index.php\/wp-json\/wp\/v2\/users\/1"}],"replies":[{"embeddable":true,"href":"https:\/\/blog.solstis.ch\/index.php\/wp-json\/wp\/v2\/comments?post=1198"}],"version-history":[{"count":4,"href":"https:\/\/blog.solstis.ch\/index.php\/wp-json\/wp\/v2\/posts\/1198\/revisions"}],"predecessor-version":[{"id":1205,"href":"https:\/\/blog.solstis.ch\/index.php\/wp-json\/wp\/v2\/posts\/1198\/revisions\/1205"}],"wp:featuredmedia":[{"embeddable":true,"href":"https:\/\/blog.solstis.ch\/index.php\/wp-json\/wp\/v2\/media\/1204"}],"wp:attachment":[{"href":"https:\/\/blog.solstis.ch\/index.php\/wp-json\/wp\/v2\/media?parent=1198"}],"wp:term":[{"taxonomy":"category","embeddable":true,"href":"https:\/\/blog.solstis.ch\/index.php\/wp-json\/wp\/v2\/categories?post=1198"},{"taxonomy":"post_tag","embeddable":true,"href":"https:\/\/blog.solstis.ch\/index.php\/wp-json\/wp\/v2\/tags?post=1198"}],"curies":[{"name":"wp","href":"https:\/\/api.w.org\/{rel}","templated":true}]}}