{"id":1188,"date":"2018-12-06T08:45:01","date_gmt":"2018-12-06T07:45:01","guid":{"rendered":"http:\/\/blog.solstis.ch\/?p=1188"},"modified":"2018-12-06T09:59:05","modified_gmt":"2018-12-06T08:59:05","slug":"letat-de-vaud-renouvelle-son-soutien-au-stockage-de-lenergie-photovoltaique","status":"publish","type":"post","link":"https:\/\/blog.solstis.ch\/index.php\/fr\/2018\/12\/06\/letat-de-vaud-renouvelle-son-soutien-au-stockage-de-lenergie-photovoltaique\/","title":{"rendered":"L\u2019Etat de Vaud renouvelle son soutien au stockage de l\u2019\u00e9nergie photovolta\u00efque"},"content":{"rendered":"<p>Conscient de l\u2019importance de d\u00e9velopper les possibilit\u00e9s de stockage pour que les\u00a0\u00e9nergies renouvelables locales puissent atteindre leur plein potentiel, le D\u00e9partement du territoire et de l\u2019environnement du Canton de Vaud (DTE) lance une nouvelle action dans le cadre du programme \u00ab 100 millions pour les \u00e9nergies renouvelables et l\u2019efficacit\u00e9 \u00e9nerg\u00e9tique \u00bb.<\/p>\n<h3>Des batteries pour favoriser l\u2019autonomie \u00e9nerg\u00e9tique et l\u2019autoconsommation<\/h3>\n<p>La mesure pr\u00e9voit des subventions destin\u00e9es \u00e0 encourager l\u2019installation de\u00a0batteries de stockage coupl\u00e9es \u00e0 des panneaux photovolta\u00efques pour autant qu\u2019elles soient munies d\u2019un dispositif permettant au syst\u00e8me dans son ensemble de continuer \u00e0\u00a0fonctionner en cas de panne g\u00e9n\u00e9rale d\u2019\u00e9lectricit\u00e9. Destin\u00e9 autant aux particuliers qu\u2019aux entreprises, ce soutien financier offre ainsi non seulement la possibilit\u00e9 aux propri\u00e9taires\u00a0de consommer une partie plus importante de leur propre production photovolta\u00efque, mais leur donne \u00e9galement l\u2019assurance d\u2019un approvisionnement \u00e9lectrique minimal en cas de\u00a0coupure du r\u00e9seau. Les demandes de subvention peuvent \u00eatre d\u00e9pos\u00e9es d\u00e8s le 7 janvier 2019 et jusqu\u2019au 31 mars 2019, pour autant que l\u2019enveloppe budg\u00e9taire ne soit pas\u00a0\u00e9puis\u00e9e avant cette \u00e9ch\u00e9ance.<\/p>\n<h3>Ne passez pas \u00e0 c\u00f4t\u00e9 d&rsquo;une subvention cons\u00e9quente !<\/h3>\n<h5><strong>Solstis est \u00e0 l\u2019origine de plus de 100 batteries install\u00e9es dans le courant 2018.<\/strong><\/h5>\n<h5>Pour \u00eatre dans les premiers inscrits<strong>, envoyez nous sans tarder<\/strong> une pr\u00e9-inscription sur <a href=\"https:\/\/solstis.ch\/promotion\">solstis.ch\/promotion<\/a> avec le code:\u00a0<strong>Batterie2019<\/strong><\/h5>\n","protected":false},"excerpt":{"rendered":"<p>Conscient de l\u2019importance de d\u00e9velopper les possibilit\u00e9s de stockage pour que les\u00a0\u00e9nergies renouvelables locales puissent atteindre leur plein potentiel, le [&hellip;]<\/p>\n","protected":false},"author":1,"featured_media":1194,"comment_status":"closed","ping_status":"open","sticky":true,"template":"","format":"standard","meta":{"jetpack_post_was_ever_published":false,"_jetpack_newsletter_access":"","_jetpack_dont_email_post_to_subs":false,"_jetpack_newsletter_tier_id":0,"_jetpack_memberships_contains_paywalled_content":false,"_jetpack_memberships_contains_paid_content":false,"footnotes":"","jetpack_publicize_message":"","jetpack_publicize_feature_enabled":true,"jetpack_social_post_already_shared":true,"jetpack_social_options":{"image_generator_settings":{"template":"highway","enabled":false},"version":2}},"categories":[115,40],"tags":[],"class_list":["post-1188","post","type-post","status-publish","format-standard","has-post-thumbnail","hentry","category-actualite","category-ecologie"],"jetpack_publicize_connections":[],"yoast_head":"<!-- This site is optimized with the Yoast SEO plugin v23.8 - https:\/\/yoast.com\/wordpress\/plugins\/seo\/ -->\n<title>L\u2019Etat de Vaud renouvelle son soutien au stockage de l\u2019\u00e9nergie photovolta\u00efque - Solstis<\/title>\n<meta name=\"robots\" content=\"index, follow, max-snippet:-1, max-image-preview:large, max-video-preview:-1\" \/>\n<link rel=\"canonical\" href=\"https:\/\/blog.solstis.ch\/index.php\/fr\/2018\/12\/06\/letat-de-vaud-renouvelle-son-soutien-au-stockage-de-lenergie-photovoltaique\/\" \/>\n<meta property=\"og:locale\" content=\"fr_FR\" \/>\n<meta property=\"og:type\" content=\"article\" \/>\n<meta property=\"og:title\" content=\"L\u2019Etat de Vaud renouvelle son soutien au stockage de l\u2019\u00e9nergie photovolta\u00efque - Solstis\" \/>\n<meta property=\"og:description\" content=\"Conscient de l\u2019importance de d\u00e9velopper les possibilit\u00e9s de stockage pour que les\u00a0\u00e9nergies renouvelables locales puissent atteindre leur plein potentiel, le [&hellip;]\" \/>\n<meta property=\"og:url\" content=\"https:\/\/blog.solstis.ch\/index.php\/fr\/2018\/12\/06\/letat-de-vaud-renouvelle-son-soutien-au-stockage-de-lenergie-photovoltaique\/\" \/>\n<meta property=\"og:site_name\" content=\"Solstis\" \/>\n<meta property=\"article:published_time\" content=\"2018-12-06T07:45:01+00:00\" \/>\n<meta property=\"article:modified_time\" content=\"2018-12-06T08:59:05+00:00\" \/>\n<meta property=\"og:image\" content=\"https:\/\/blog.solstis.ch\/wp-content\/uploads\/2018\/12\/batterie-solaire-solstis-1.jpg\" \/>\n\t<meta property=\"og:image:width\" content=\"850\" \/>\n\t<meta property=\"og:image:height\" content=\"454\" \/>\n\t<meta property=\"og:image:type\" content=\"image\/jpeg\" \/>\n<meta name=\"author\" content=\"admin\" \/>\n<meta name=\"twitter:card\" content=\"summary_large_image\" \/>\n<meta name=\"twitter:label1\" content=\"\u00c9crit par\" \/>\n\t<meta name=\"twitter:data1\" content=\"admin\" \/>\n\t<meta name=\"twitter:label2\" content=\"Dur\u00e9e de lecture estim\u00e9e\" \/>\n\t<meta name=\"twitter:data2\" content=\"1 minute\" \/>\n<script type=\"application\/ld+json\" class=\"yoast-schema-graph\">{\"@context\":\"https:\/\/schema.org\",\"@graph\":[{\"@type\":\"WebPage\",\"@id\":\"https:\/\/blog.solstis.ch\/index.php\/fr\/2018\/12\/06\/letat-de-vaud-renouvelle-son-soutien-au-stockage-de-lenergie-photovoltaique\/\",\"url\":\"https:\/\/blog.solstis.ch\/index.php\/fr\/2018\/12\/06\/letat-de-vaud-renouvelle-son-soutien-au-stockage-de-lenergie-photovoltaique\/\",\"name\":\"L\u2019Etat de Vaud renouvelle son soutien au stockage de l\u2019\u00e9nergie photovolta\u00efque - Solstis\",\"isPartOf\":{\"@id\":\"https:\/\/blog.solstis.ch\/#website\"},\"primaryImageOfPage\":{\"@id\":\"https:\/\/blog.solstis.ch\/index.php\/fr\/2018\/12\/06\/letat-de-vaud-renouvelle-son-soutien-au-stockage-de-lenergie-photovoltaique\/#primaryimage\"},\"image\":{\"@id\":\"https:\/\/blog.solstis.ch\/index.php\/fr\/2018\/12\/06\/letat-de-vaud-renouvelle-son-soutien-au-stockage-de-lenergie-photovoltaique\/#primaryimage\"},\"thumbnailUrl\":\"https:\/\/blog.solstis.ch\/wp-content\/uploads\/2018\/12\/batterie-solaire-solstis-1.jpg\",\"datePublished\":\"2018-12-06T07:45:01+00:00\",\"dateModified\":\"2018-12-06T08:59:05+00:00\",\"author\":{\"@id\":\"https:\/\/blog.solstis.ch\/#\/schema\/person\/5a9f5ef0a66b3e68c712ab62eeb4a1f9\"},\"breadcrumb\":{\"@id\":\"https:\/\/blog.solstis.ch\/index.php\/fr\/2018\/12\/06\/letat-de-vaud-renouvelle-son-soutien-au-stockage-de-lenergie-photovoltaique\/#breadcrumb\"},\"inLanguage\":\"fr-FR\",\"potentialAction\":[{\"@type\":\"ReadAction\",\"target\":[\"https:\/\/blog.solstis.ch\/index.php\/fr\/2018\/12\/06\/letat-de-vaud-renouvelle-son-soutien-au-stockage-de-lenergie-photovoltaique\/\"]}]},{\"@type\":\"ImageObject\",\"inLanguage\":\"fr-FR\",\"@id\":\"https:\/\/blog.solstis.ch\/index.php\/fr\/2018\/12\/06\/letat-de-vaud-renouvelle-son-soutien-au-stockage-de-lenergie-photovoltaique\/#primaryimage\",\"url\":\"https:\/\/blog.solstis.ch\/wp-content\/uploads\/2018\/12\/batterie-solaire-solstis-1.jpg\",\"contentUrl\":\"https:\/\/blog.solstis.ch\/wp-content\/uploads\/2018\/12\/batterie-solaire-solstis-1.jpg\",\"width\":850,\"height\":454},{\"@type\":\"BreadcrumbList\",\"@id\":\"https:\/\/blog.solstis.ch\/index.php\/fr\/2018\/12\/06\/letat-de-vaud-renouvelle-son-soutien-au-stockage-de-lenergie-photovoltaique\/#breadcrumb\",\"itemListElement\":[{\"@type\":\"ListItem\",\"position\":1,\"name\":\"Accueil\",\"item\":\"https:\/\/blog.solstis.ch\/index.php\/fr\/blog\/\"},{\"@type\":\"ListItem\",\"position\":2,\"name\":\"L\u2019Etat de Vaud renouvelle son soutien au stockage de l\u2019\u00e9nergie photovolta\u00efque\"}]},{\"@type\":\"WebSite\",\"@id\":\"https:\/\/blog.solstis.ch\/#website\",\"url\":\"https:\/\/blog.solstis.ch\/\",\"name\":\"Solstis\",\"description\":\"Solstis, donner au monde l&#039;\u00e9nergie d&#039;\u00eatre durable.\",\"potentialAction\":[{\"@type\":\"SearchAction\",\"target\":{\"@type\":\"EntryPoint\",\"urlTemplate\":\"https:\/\/blog.solstis.ch\/?s={search_term_string}\"},\"query-input\":{\"@type\":\"PropertyValueSpecification\",\"valueRequired\":true,\"valueName\":\"search_term_string\"}}],\"inLanguage\":\"fr-FR\"},{\"@type\":\"Person\",\"@id\":\"https:\/\/blog.solstis.ch\/#\/schema\/person\/5a9f5ef0a66b3e68c712ab62eeb4a1f9\",\"name\":\"admin\",\"image\":{\"@type\":\"ImageObject\",\"inLanguage\":\"fr-FR\",\"@id\":\"https:\/\/blog.solstis.ch\/#\/schema\/person\/image\/\",\"url\":\"https:\/\/secure.gravatar.com\/avatar\/8ba8fd08281e45cafc408887276f0396?s=96&d=mm&r=g\",\"contentUrl\":\"https:\/\/secure.gravatar.com\/avatar\/8ba8fd08281e45cafc408887276f0396?s=96&d=mm&r=g\",\"caption\":\"admin\"},\"url\":\"https:\/\/blog.solstis.ch\/index.php\/author\/admin\/\"}]}<\/script>\n<!-- \/ Yoast SEO plugin. -->","yoast_head_json":{"title":"L\u2019Etat de Vaud renouvelle son soutien au stockage de l\u2019\u00e9nergie photovolta\u00efque - Solstis","robots":{"index":"index","follow":"follow","max-snippet":"max-snippet:-1","max-image-preview":"max-image-preview:large","max-video-preview":"max-video-preview:-1"},"canonical":"https:\/\/blog.solstis.ch\/index.php\/fr\/2018\/12\/06\/letat-de-vaud-renouvelle-son-soutien-au-stockage-de-lenergie-photovoltaique\/","og_locale":"fr_FR","og_type":"article","og_title":"L\u2019Etat de Vaud renouvelle son soutien au stockage de l\u2019\u00e9nergie photovolta\u00efque - Solstis","og_description":"Conscient de l\u2019importance de d\u00e9velopper les possibilit\u00e9s de stockage pour que les\u00a0\u00e9nergies renouvelables locales puissent atteindre leur plein potentiel, le [&hellip;]","og_url":"https:\/\/blog.solstis.ch\/index.php\/fr\/2018\/12\/06\/letat-de-vaud-renouvelle-son-soutien-au-stockage-de-lenergie-photovoltaique\/","og_site_name":"Solstis","article_published_time":"2018-12-06T07:45:01+00:00","article_modified_time":"2018-12-06T08:59:05+00:00","og_image":[{"width":850,"height":454,"url":"https:\/\/blog.solstis.ch\/wp-content\/uploads\/2018\/12\/batterie-solaire-solstis-1.jpg","type":"image\/jpeg"}],"author":"admin","twitter_card":"summary_large_image","twitter_misc":{"\u00c9crit par":"admin","Dur\u00e9e de lecture estim\u00e9e":"1 minute"},"schema":{"@context":"https:\/\/schema.org","@graph":[{"@type":"WebPage","@id":"https:\/\/blog.solstis.ch\/index.php\/fr\/2018\/12\/06\/letat-de-vaud-renouvelle-son-soutien-au-stockage-de-lenergie-photovoltaique\/","url":"https:\/\/blog.solstis.ch\/index.php\/fr\/2018\/12\/06\/letat-de-vaud-renouvelle-son-soutien-au-stockage-de-lenergie-photovoltaique\/","name":"L\u2019Etat de Vaud renouvelle son soutien au stockage de l\u2019\u00e9nergie photovolta\u00efque - Solstis","isPartOf":{"@id":"https:\/\/blog.solstis.ch\/#website"},"primaryImageOfPage":{"@id":"https:\/\/blog.solstis.ch\/index.php\/fr\/2018\/12\/06\/letat-de-vaud-renouvelle-son-soutien-au-stockage-de-lenergie-photovoltaique\/#primaryimage"},"image":{"@id":"https:\/\/blog.solstis.ch\/index.php\/fr\/2018\/12\/06\/letat-de-vaud-renouvelle-son-soutien-au-stockage-de-lenergie-photovoltaique\/#primaryimage"},"thumbnailUrl":"https:\/\/blog.solstis.ch\/wp-content\/uploads\/2018\/12\/batterie-solaire-solstis-1.jpg","datePublished":"2018-12-06T07:45:01+00:00","dateModified":"2018-12-06T08:59:05+00:00","author":{"@id":"https:\/\/blog.solstis.ch\/#\/schema\/person\/5a9f5ef0a66b3e68c712ab62eeb4a1f9"},"breadcrumb":{"@id":"https:\/\/blog.solstis.ch\/index.php\/fr\/2018\/12\/06\/letat-de-vaud-renouvelle-son-soutien-au-stockage-de-lenergie-photovoltaique\/#breadcrumb"},"inLanguage":"fr-FR","potentialAction":[{"@type":"ReadAction","target":["https:\/\/blog.solstis.ch\/index.php\/fr\/2018\/12\/06\/letat-de-vaud-renouvelle-son-soutien-au-stockage-de-lenergie-photovoltaique\/"]}]},{"@type":"ImageObject","inLanguage":"fr-FR","@id":"https:\/\/blog.solstis.ch\/index.php\/fr\/2018\/12\/06\/letat-de-vaud-renouvelle-son-soutien-au-stockage-de-lenergie-photovoltaique\/#primaryimage","url":"https:\/\/blog.solstis.ch\/wp-content\/uploads\/2018\/12\/batterie-solaire-solstis-1.jpg","contentUrl":"https:\/\/blog.solstis.ch\/wp-content\/uploads\/2018\/12\/batterie-solaire-solstis-1.jpg","width":850,"height":454},{"@type":"BreadcrumbList","@id":"https:\/\/blog.solstis.ch\/index.php\/fr\/2018\/12\/06\/letat-de-vaud-renouvelle-son-soutien-au-stockage-de-lenergie-photovoltaique\/#breadcrumb","itemListElement":[{"@type":"ListItem","position":1,"name":"Accueil","item":"https:\/\/blog.solstis.ch\/index.php\/fr\/blog\/"},{"@type":"ListItem","position":2,"name":"L\u2019Etat de Vaud renouvelle son soutien au stockage de l\u2019\u00e9nergie photovolta\u00efque"}]},{"@type":"WebSite","@id":"https:\/\/blog.solstis.ch\/#website","url":"https:\/\/blog.solstis.ch\/","name":"Solstis","description":"Solstis, donner au monde l&#039;\u00e9nergie d&#039;\u00eatre durable.","potentialAction":[{"@type":"SearchAction","target":{"@type":"EntryPoint","urlTemplate":"https:\/\/blog.solstis.ch\/?s={search_term_string}"},"query-input":{"@type":"PropertyValueSpecification","valueRequired":true,"valueName":"search_term_string"}}],"inLanguage":"fr-FR"},{"@type":"Person","@id":"https:\/\/blog.solstis.ch\/#\/schema\/person\/5a9f5ef0a66b3e68c712ab62eeb4a1f9","name":"admin","image":{"@type":"ImageObject","inLanguage":"fr-FR","@id":"https:\/\/blog.solstis.ch\/#\/schema\/person\/image\/","url":"https:\/\/secure.gravatar.com\/avatar\/8ba8fd08281e45cafc408887276f0396?s=96&d=mm&r=g","contentUrl":"https:\/\/secure.gravatar.com\/avatar\/8ba8fd08281e45cafc408887276f0396?s=96&d=mm&r=g","caption":"admin"},"url":"https:\/\/blog.solstis.ch\/index.php\/author\/admin\/"}]}},"jetpack_sharing_enabled":true,"jetpack_featured_media_url":"https:\/\/blog.solstis.ch\/wp-content\/uploads\/2018\/12\/batterie-solaire-solstis-1.jpg","jetpack_shortlink":"https:\/\/wp.me\/pa0tUs-ja","_links":{"self":[{"href":"https:\/\/blog.solstis.ch\/index.php\/wp-json\/wp\/v2\/posts\/1188","targetHints":{"allow":["GET"]}}],"collection":[{"href":"https:\/\/blog.solstis.ch\/index.php\/wp-json\/wp\/v2\/posts"}],"about":[{"href":"https:\/\/blog.solstis.ch\/index.php\/wp-json\/wp\/v2\/types\/post"}],"author":[{"embeddable":true,"href":"https:\/\/blog.solstis.ch\/index.php\/wp-json\/wp\/v2\/users\/1"}],"replies":[{"embeddable":true,"href":"https:\/\/blog.solstis.ch\/index.php\/wp-json\/wp\/v2\/comments?post=1188"}],"version-history":[{"count":5,"href":"https:\/\/blog.solstis.ch\/index.php\/wp-json\/wp\/v2\/posts\/1188\/revisions"}],"predecessor-version":[{"id":1195,"href":"https:\/\/blog.solstis.ch\/index.php\/wp-json\/wp\/v2\/posts\/1188\/revisions\/1195"}],"wp:featuredmedia":[{"embeddable":true,"href":"https:\/\/blog.solstis.ch\/index.php\/wp-json\/wp\/v2\/media\/1194"}],"wp:attachment":[{"href":"https:\/\/blog.solstis.ch\/index.php\/wp-json\/wp\/v2\/media?parent=1188"}],"wp:term":[{"taxonomy":"category","embeddable":true,"href":"https:\/\/blog.solstis.ch\/index.php\/wp-json\/wp\/v2\/categories?post=1188"},{"taxonomy":"post_tag","embeddable":true,"href":"https:\/\/blog.solstis.ch\/index.php\/wp-json\/wp\/v2\/tags?post=1188"}],"curies":[{"name":"wp","href":"https:\/\/api.w.org\/{rel}","templated":true}]}}