{"id":1167,"date":"2018-11-01T09:11:24","date_gmt":"2018-11-01T08:11:24","guid":{"rendered":"http:\/\/blog.solstis.ch\/?p=1167"},"modified":"2018-11-23T09:52:50","modified_gmt":"2018-11-23T08:52:50","slug":"equiwatt-programme-de-subventions-a-yverdon-les-bains","status":"publish","type":"post","link":"https:\/\/blog.solstis.ch\/index.php\/fr\/2018\/11\/01\/equiwatt-programme-de-subventions-a-yverdon-les-bains\/","title":{"rendered":"Equiwatt &#8211; Programme de subventions \u00e0 Yverdon-les-Bains"},"content":{"rendered":"<h3>\u00ab\u00a0<span class=\"s20\">Ensemble, r\u00e9duisons notre empreinte \u00e9cologique\u00a0<\/span><span class=\"s21\">\u00bb<\/span><\/h3>\n<h3>Qui a le droit aux subventions ?<\/h3>\n<p><!--more--><br \/>\nYverdon-les-Bains Energies compl\u00e8te les subventions \u00e9nerg\u00e9tiques cantonales et encourage chaque entreprise, personne ou association situ\u00e9e sur le territoire d\u2019Yverdon-les-Bains \u00e0 \u00e9conomiser de l\u2019\u00e9nergie au travers de nouvelles actions d\u2019efficience \u00e9nerg\u00e9tique rassembl\u00e9es sous le nom <a href=\"http:\/\/www.yverdon-energies.ch\/particuliers\/subventions\/subventions-a-propos-particuliers\/\" target=\"_blank\" rel=\"noopener\">\u00e9quiwatt<\/a>.<\/p>\n<h3>\u00c0 quelles subventions ai-je droit?<\/h3>\n<h5><strong>1. Audit \u00e9nerg\u00e9tique CECB\u00ae Plus<\/strong><\/h5>\n<p>Le CECB\u00ae Plus fait un \u00e9tat des lieux \u00e9nerg\u00e9tique de votre b\u00e2timent\u00a0et propose un conseil personnalis\u00e9 de la part d&rsquo;un expert pour \u00e9tablir une strat\u00e9gie de r\u00e9novation .<br \/>\nSubvention : <strong>50% de la subvention cantonale<\/strong><br \/>\n[CHF 500.-* habitat individuel\/ CHF 750.-* habitat collectif]<\/p>\n<h5><strong>Remplacement des installations de chauffage<\/strong><\/h5>\n<p><img loading=\"lazy\" decoding=\"async\" class=\"alignright size-apostrophe-mini wp-image-1174\" src=\"http:\/\/blog.solstis.ch\/wp-content\/uploads\/2018\/11\/picto_radiateur-150x150-60x60.jpg\" alt=\"\" width=\"60\" height=\"60\" srcset=\"https:\/\/blog.solstis.ch\/wp-content\/uploads\/2018\/11\/picto_radiateur-150x150-60x60.jpg 60w, https:\/\/blog.solstis.ch\/wp-content\/uploads\/2018\/11\/picto_radiateur-150x150.jpg 150w\" sizes=\"auto, (max-width: 60px) 100vw, 60px\" \/>R\u00e9duisez vos \u00e9missions de C02 et faites des \u00e9conomies\u00a0en rempla\u00e7ant votre ancienne chaufferie par une installation<br \/>\nplus efficiente !<\/p>\n<table border=\"1\" cellspacing=\"0\">\n<tbody>\n<tr>\n<td>\n<p class=\"s47\"><strong>Ancienne installation<\/strong><\/p>\n<\/td>\n<td>\n<p class=\"s47\"><strong>Nouvelle installation<\/strong><\/p>\n<\/td>\n<td>\n<p class=\"s47\"><strong>Subvention<\/strong><\/p>\n<\/td>\n<\/tr>\n<tr>\n<td>\n<p class=\"s48\">Mazout<\/p>\n<\/td>\n<td>\n<p class=\"s48\">Gaz<\/p>\n<\/td>\n<td>\n<p class=\"s49\"><strong><span class=\"s47\">de CHF\u00a0<\/span>800.-*\u00a0<span class=\"s50\">\u00e0\u00a0<\/span>10&rsquo;000.-*<br \/>\n<\/strong><strong>en fonction de la puissance<\/strong><\/p>\n<\/td>\n<\/tr>\n<tr>\n<td>\n<p class=\"s48\">Mazout\/ gaz\/ \u00e9lectrique<\/p>\n<\/td>\n<td>\n<p class=\"s48\">Pompe\u00a0<span class=\"s52\">\u00e0\u00a0<\/span>chaleur [PAC]<br \/>\nair-eau, eau-eau,<br \/>\nsol-eau ou bois<\/p>\n<\/td>\n<td>\n<p class=\"s49\"><strong>25%\u00a0<span class=\"s47\">de la subvention cantonale, max. CHF\u00a0<\/span>10&rsquo;000.-*<\/strong><\/p>\n<\/td>\n<\/tr>\n<tr>\n<td>\n<p class=\"s48\">Chauffe-eau \u00e9lectrique<\/p>\n<\/td>\n<td>\n<p class=\"s48\">Chauffe-eau PAC<\/p>\n<\/td>\n<td>\n<p class=\"s47\"><strong>CHF\u00a0<span class=\"s49\">1&rsquo;000.-\u00a0<\/span>par chauffe-eau<\/strong><\/p>\n<\/td>\n<\/tr>\n<\/tbody>\n<\/table>\n<p>En cas de remplacement d&rsquo;un chauffage \u00e9lectrique direct avec la cr\u00e9ation d&rsquo;un r\u00e9seau de distribution hydraulique,<br \/>\nune subvention compl\u00e9mentaire \u00e9quivalent \u00e0 25% de la subvention cantonale est octroy\u00e9e, max CHF 10&rsquo;000 .-<\/p>\n<h5><strong>3. R\u00e9novation thermique des b\u00e2timents<\/strong><\/h5>\n<p><img loading=\"lazy\" decoding=\"async\" class=\"alignright size-apostrophe-mini wp-image-1173\" src=\"http:\/\/blog.solstis.ch\/wp-content\/uploads\/2018\/11\/picto_isolation-150x150-60x60.jpg\" alt=\"\" width=\"60\" height=\"60\" srcset=\"https:\/\/blog.solstis.ch\/wp-content\/uploads\/2018\/11\/picto_isolation-150x150-60x60.jpg 60w, https:\/\/blog.solstis.ch\/wp-content\/uploads\/2018\/11\/picto_isolation-150x150.jpg 150w\" sizes=\"auto, (max-width: 60px) 100vw, 60px\" \/>Les travaux d&rsquo;isolation de la fa\u00e7ade, de la toiture et du sol.<br \/>\nSubvention : <strong>25% de la subvention cantonale<\/strong>,<br \/>\nmaximum CHF 10&rsquo;000.-*<\/p>\n<h5><strong>4. Installation de panneaux solaires :<\/strong><\/h5>\n<p><strong><img loading=\"lazy\" decoding=\"async\" class=\"alignright size-apostrophe-mini wp-image-1175\" src=\"http:\/\/blog.solstis.ch\/wp-content\/uploads\/2018\/11\/picto_solaire-150x150-60x60.jpg\" alt=\"\" width=\"60\" height=\"60\" srcset=\"https:\/\/blog.solstis.ch\/wp-content\/uploads\/2018\/11\/picto_solaire-150x150-60x60.jpg 60w, https:\/\/blog.solstis.ch\/wp-content\/uploads\/2018\/11\/picto_solaire-150x150.jpg 150w\" sizes=\"auto, (max-width: 60px) 100vw, 60px\" \/>photovolta\u00efques<\/strong><br \/>\nUne r\u00e9tribution unique [RuCom] est octroy\u00e9e.<br \/>\nSubvention: <strong>50 % de la subvention f\u00e9d\u00e9rale<\/strong><br \/>\n<strong>Pronovo<\/strong> [min CHF 1&rsquo;000.-* maximum CHF 10&rsquo;000.-*]<\/p>\n<p><strong>thermiques<\/strong><br \/>\nUne aide financi\u00e8re pour la pose de capteurs solaires thermiques pour le chauffage et l&rsquo;eau chaude sanitaire.<br \/>\nSubvention: <strong>50% de la subvention cantonale<\/strong><br \/>\n[min CHF 2&rsquo;000.-* maximum CHF 10&rsquo;000.-*]<\/p>\n<h5><strong>5. Achat d&rsquo;un v\u00e9hicule roulant au <\/strong><\/h5>\n<p><strong><img loading=\"lazy\" decoding=\"async\" class=\"alignright size-apostrophe-mini wp-image-1176\" src=\"http:\/\/blog.solstis.ch\/wp-content\/uploads\/2018\/11\/picto_vehicule-150x150-60x60.jpg\" alt=\"\" width=\"60\" height=\"60\" srcset=\"https:\/\/blog.solstis.ch\/wp-content\/uploads\/2018\/11\/picto_vehicule-150x150-60x60.jpg 60w, https:\/\/blog.solstis.ch\/wp-content\/uploads\/2018\/11\/picto_vehicule-150x150.jpg 150w\" sizes=\"auto, (max-width: 60px) 100vw, 60px\" \/>gaz naturel<\/strong><br \/>\nSubvention: forfait de <strong>CHF 500.-<\/strong>*<\/p>\n<p><strong>100% \u00e9lectrique<\/strong><br \/>\nSubvention: forfait de <strong>CHF 1&rsquo;000.-<\/strong>*<\/p>\n<h5><strong>Changement d&rsquo;appareils \u00e9lectrom\u00e9nagers<\/strong><\/h5>\n<p><img loading=\"lazy\" decoding=\"async\" class=\"alignright size-apostrophe-mini wp-image-1172\" src=\"http:\/\/blog.solstis.ch\/wp-content\/uploads\/2018\/11\/picto_electromenager-150x150-60x60.jpg\" alt=\"\" width=\"60\" height=\"60\" srcset=\"https:\/\/blog.solstis.ch\/wp-content\/uploads\/2018\/11\/picto_electromenager-150x150-60x60.jpg 60w, https:\/\/blog.solstis.ch\/wp-content\/uploads\/2018\/11\/picto_electromenager-150x150.jpg 150w\" sizes=\"auto, (max-width: 60px) 100vw, 60px\" \/>Subvention: <strong>CHF 300.-*<\/strong> [max 20 % du prix d&rsquo;achat]<br \/>\npour l&rsquo;acquisition de certains appareils \u00e9lectrom\u00e9nagers\u00a0de cat\u00e9gorie \u00e9nerg\u00e9tique A+++.<\/p>\n<h5><strong>Cours \u00e9lectricit\u00e9 et chauffer fut\u00e9s<\/strong><\/h5>\n<p>Yverdon-les-Bains \u00c9nergies soutient les cours\u00ab Fut\u00e9s\u00bb\u00a0mis sur pied par SuisseEnergie et les services cantonaux de l&rsquo;\u00e9nergie, elle rembourse 50% des frais d&rsquo;inscription.<\/p>\n<h3>COMMENT FAIRE POUR OBTENIR MA SUBVENTION?<\/h3>\n<p>Toutes les informations compl\u00e9mentaires et les conditions d&rsquo;octroi\u00a0des subventions sont d\u00e9taill\u00e9es sur <a href=\"http:\/\/equiwatt-yverdon.ch\" target=\"_blank\" rel=\"noopener\">equiwatt-yverdon.ch\u00a0<\/a>avec des formulaires de demande de subvention disponibles<\/p>\n<h3>D\u2019AUTRES SUBVENTIONS\u00a0\u00c0 YVERDON-LES-BAINS?<\/h3>\n<p>En compl\u00e9ment aux subventions propos\u00e9es par Yverdon-les-Bains \u00c9nergies, l\u2019Agenda 21 propose des subventions visant \u00e0 favoriser la mise en \u0153uvre du d\u00e9veloppement durable. Vous y trouverez de multiples bons, par exemple pour une mobilit\u00e9 durable. Plus de renseignement:\u00a0<a href=\"http:\/\/www.yverdon-les-bains.ch\/prestations-deladministration\/agenda21\/subventions-agenda-21\/\"><strong>yverdon-les-bains.ch\/agenda21<\/strong><\/a><\/p>\n<p>En tant qu&rsquo; entreprise yverdonnoise, b\u00e9n\u00e9ficiez \u00e9galement du soutien d\u00e9di\u00e9 aux actions permettant de r\u00e9duire la consommation \u00e9lectrique des installations\u00a0d&rsquo;\u00e9clairage gr\u00e2ce au programme \u00c9clairage Performant que vous retrouverez<br \/>\naussi sur\u00a0<a href=\"http:\/\/equiwatt-yverdon.ch\" target=\"_blank\" rel=\"noopener\">equiwatt-yverdon.ch<\/a><\/p>\n<p>*<em> Sous r\u00e9serve d\u2019acceptation de votre dossier par l\u2019organe comp\u00e9tent<\/em><\/p>\n","protected":false},"excerpt":{"rendered":"<p>\u00ab\u00a0Ensemble, r\u00e9duisons notre empreinte \u00e9cologique\u00a0\u00bb Qui a le droit aux subventions ?<\/p>\n","protected":false},"author":1,"featured_media":1179,"comment_status":"closed","ping_status":"open","sticky":true,"template":"","format":"standard","meta":{"jetpack_post_was_ever_published":false,"_jetpack_newsletter_access":"","_jetpack_dont_email_post_to_subs":false,"_jetpack_newsletter_tier_id":0,"_jetpack_memberships_contains_paywalled_content":false,"_jetpack_memberships_contains_paid_content":false,"footnotes":"","jetpack_publicize_message":"","jetpack_publicize_feature_enabled":true,"jetpack_social_post_already_shared":true,"jetpack_social_options":{"image_generator_settings":{"template":"highway","enabled":false},"version":2}},"categories":[33],"tags":[],"class_list":["post-1167","post","type-post","status-publish","format-standard","has-post-thumbnail","hentry","category-energie"],"jetpack_publicize_connections":[],"yoast_head":"<!-- This site is optimized with the Yoast SEO plugin v23.8 - https:\/\/yoast.com\/wordpress\/plugins\/seo\/ -->\n<title>Equiwatt - Programme de subventions \u00e0 Yverdon-les-Bains - Solstis<\/title>\n<meta name=\"robots\" content=\"index, follow, max-snippet:-1, max-image-preview:large, max-video-preview:-1\" \/>\n<link rel=\"canonical\" href=\"https:\/\/blog.solstis.ch\/index.php\/fr\/2018\/11\/01\/equiwatt-programme-de-subventions-a-yverdon-les-bains\/\" \/>\n<meta property=\"og:locale\" content=\"fr_FR\" \/>\n<meta property=\"og:type\" content=\"article\" \/>\n<meta property=\"og:title\" content=\"Equiwatt - Programme de subventions \u00e0 Yverdon-les-Bains - Solstis\" \/>\n<meta property=\"og:description\" content=\"\u00ab\u00a0Ensemble, r\u00e9duisons notre empreinte \u00e9cologique\u00a0\u00bb Qui a le droit aux subventions ?\" \/>\n<meta property=\"og:url\" content=\"https:\/\/blog.solstis.ch\/index.php\/fr\/2018\/11\/01\/equiwatt-programme-de-subventions-a-yverdon-les-bains\/\" \/>\n<meta property=\"og:site_name\" content=\"Solstis\" \/>\n<meta property=\"article:published_time\" content=\"2018-11-01T08:11:24+00:00\" \/>\n<meta property=\"article:modified_time\" content=\"2018-11-23T08:52:50+00:00\" \/>\n<meta property=\"og:image\" content=\"https:\/\/blog.solstis.ch\/wp-content\/uploads\/2018\/11\/porogramme-subventions-energetiques-solstis.jpg\" \/>\n\t<meta property=\"og:image:width\" content=\"600\" \/>\n\t<meta property=\"og:image:height\" content=\"400\" \/>\n\t<meta property=\"og:image:type\" content=\"image\/jpeg\" \/>\n<meta name=\"author\" content=\"admin\" \/>\n<meta name=\"twitter:card\" content=\"summary_large_image\" \/>\n<meta name=\"twitter:label1\" content=\"\u00c9crit par\" \/>\n\t<meta name=\"twitter:data1\" content=\"admin\" \/>\n\t<meta name=\"twitter:label2\" content=\"Dur\u00e9e de lecture estim\u00e9e\" \/>\n\t<meta name=\"twitter:data2\" content=\"3 minutes\" \/>\n<script type=\"application\/ld+json\" class=\"yoast-schema-graph\">{\"@context\":\"https:\/\/schema.org\",\"@graph\":[{\"@type\":\"WebPage\",\"@id\":\"https:\/\/blog.solstis.ch\/index.php\/fr\/2018\/11\/01\/equiwatt-programme-de-subventions-a-yverdon-les-bains\/\",\"url\":\"https:\/\/blog.solstis.ch\/index.php\/fr\/2018\/11\/01\/equiwatt-programme-de-subventions-a-yverdon-les-bains\/\",\"name\":\"Equiwatt - Programme de subventions \u00e0 Yverdon-les-Bains - Solstis\",\"isPartOf\":{\"@id\":\"https:\/\/blog.solstis.ch\/#website\"},\"primaryImageOfPage\":{\"@id\":\"https:\/\/blog.solstis.ch\/index.php\/fr\/2018\/11\/01\/equiwatt-programme-de-subventions-a-yverdon-les-bains\/#primaryimage\"},\"image\":{\"@id\":\"https:\/\/blog.solstis.ch\/index.php\/fr\/2018\/11\/01\/equiwatt-programme-de-subventions-a-yverdon-les-bains\/#primaryimage\"},\"thumbnailUrl\":\"https:\/\/blog.solstis.ch\/wp-content\/uploads\/2018\/11\/porogramme-subventions-energetiques-solstis.jpg\",\"datePublished\":\"2018-11-01T08:11:24+00:00\",\"dateModified\":\"2018-11-23T08:52:50+00:00\",\"author\":{\"@id\":\"https:\/\/blog.solstis.ch\/#\/schema\/person\/5a9f5ef0a66b3e68c712ab62eeb4a1f9\"},\"breadcrumb\":{\"@id\":\"https:\/\/blog.solstis.ch\/index.php\/fr\/2018\/11\/01\/equiwatt-programme-de-subventions-a-yverdon-les-bains\/#breadcrumb\"},\"inLanguage\":\"fr-FR\",\"potentialAction\":[{\"@type\":\"ReadAction\",\"target\":[\"https:\/\/blog.solstis.ch\/index.php\/fr\/2018\/11\/01\/equiwatt-programme-de-subventions-a-yverdon-les-bains\/\"]}]},{\"@type\":\"ImageObject\",\"inLanguage\":\"fr-FR\",\"@id\":\"https:\/\/blog.solstis.ch\/index.php\/fr\/2018\/11\/01\/equiwatt-programme-de-subventions-a-yverdon-les-bains\/#primaryimage\",\"url\":\"https:\/\/blog.solstis.ch\/wp-content\/uploads\/2018\/11\/porogramme-subventions-energetiques-solstis.jpg\",\"contentUrl\":\"https:\/\/blog.solstis.ch\/wp-content\/uploads\/2018\/11\/porogramme-subventions-energetiques-solstis.jpg\",\"width\":600,\"height\":400},{\"@type\":\"BreadcrumbList\",\"@id\":\"https:\/\/blog.solstis.ch\/index.php\/fr\/2018\/11\/01\/equiwatt-programme-de-subventions-a-yverdon-les-bains\/#breadcrumb\",\"itemListElement\":[{\"@type\":\"ListItem\",\"position\":1,\"name\":\"Accueil\",\"item\":\"https:\/\/blog.solstis.ch\/index.php\/fr\/blog\/\"},{\"@type\":\"ListItem\",\"position\":2,\"name\":\"Equiwatt &#8211; Programme de subventions \u00e0 Yverdon-les-Bains\"}]},{\"@type\":\"WebSite\",\"@id\":\"https:\/\/blog.solstis.ch\/#website\",\"url\":\"https:\/\/blog.solstis.ch\/\",\"name\":\"Solstis\",\"description\":\"Solstis, donner au monde l&#039;\u00e9nergie d&#039;\u00eatre durable.\",\"potentialAction\":[{\"@type\":\"SearchAction\",\"target\":{\"@type\":\"EntryPoint\",\"urlTemplate\":\"https:\/\/blog.solstis.ch\/?s={search_term_string}\"},\"query-input\":{\"@type\":\"PropertyValueSpecification\",\"valueRequired\":true,\"valueName\":\"search_term_string\"}}],\"inLanguage\":\"fr-FR\"},{\"@type\":\"Person\",\"@id\":\"https:\/\/blog.solstis.ch\/#\/schema\/person\/5a9f5ef0a66b3e68c712ab62eeb4a1f9\",\"name\":\"admin\",\"image\":{\"@type\":\"ImageObject\",\"inLanguage\":\"fr-FR\",\"@id\":\"https:\/\/blog.solstis.ch\/#\/schema\/person\/image\/\",\"url\":\"https:\/\/secure.gravatar.com\/avatar\/8ba8fd08281e45cafc408887276f0396?s=96&d=mm&r=g\",\"contentUrl\":\"https:\/\/secure.gravatar.com\/avatar\/8ba8fd08281e45cafc408887276f0396?s=96&d=mm&r=g\",\"caption\":\"admin\"},\"url\":\"https:\/\/blog.solstis.ch\/index.php\/author\/admin\/\"}]}<\/script>\n<!-- \/ Yoast SEO plugin. -->","yoast_head_json":{"title":"Equiwatt - Programme de subventions \u00e0 Yverdon-les-Bains - Solstis","robots":{"index":"index","follow":"follow","max-snippet":"max-snippet:-1","max-image-preview":"max-image-preview:large","max-video-preview":"max-video-preview:-1"},"canonical":"https:\/\/blog.solstis.ch\/index.php\/fr\/2018\/11\/01\/equiwatt-programme-de-subventions-a-yverdon-les-bains\/","og_locale":"fr_FR","og_type":"article","og_title":"Equiwatt - Programme de subventions \u00e0 Yverdon-les-Bains - Solstis","og_description":"\u00ab\u00a0Ensemble, r\u00e9duisons notre empreinte \u00e9cologique\u00a0\u00bb Qui a le droit aux subventions ?","og_url":"https:\/\/blog.solstis.ch\/index.php\/fr\/2018\/11\/01\/equiwatt-programme-de-subventions-a-yverdon-les-bains\/","og_site_name":"Solstis","article_published_time":"2018-11-01T08:11:24+00:00","article_modified_time":"2018-11-23T08:52:50+00:00","og_image":[{"width":600,"height":400,"url":"https:\/\/blog.solstis.ch\/wp-content\/uploads\/2018\/11\/porogramme-subventions-energetiques-solstis.jpg","type":"image\/jpeg"}],"author":"admin","twitter_card":"summary_large_image","twitter_misc":{"\u00c9crit par":"admin","Dur\u00e9e de lecture estim\u00e9e":"3 minutes"},"schema":{"@context":"https:\/\/schema.org","@graph":[{"@type":"WebPage","@id":"https:\/\/blog.solstis.ch\/index.php\/fr\/2018\/11\/01\/equiwatt-programme-de-subventions-a-yverdon-les-bains\/","url":"https:\/\/blog.solstis.ch\/index.php\/fr\/2018\/11\/01\/equiwatt-programme-de-subventions-a-yverdon-les-bains\/","name":"Equiwatt - Programme de subventions \u00e0 Yverdon-les-Bains - Solstis","isPartOf":{"@id":"https:\/\/blog.solstis.ch\/#website"},"primaryImageOfPage":{"@id":"https:\/\/blog.solstis.ch\/index.php\/fr\/2018\/11\/01\/equiwatt-programme-de-subventions-a-yverdon-les-bains\/#primaryimage"},"image":{"@id":"https:\/\/blog.solstis.ch\/index.php\/fr\/2018\/11\/01\/equiwatt-programme-de-subventions-a-yverdon-les-bains\/#primaryimage"},"thumbnailUrl":"https:\/\/blog.solstis.ch\/wp-content\/uploads\/2018\/11\/porogramme-subventions-energetiques-solstis.jpg","datePublished":"2018-11-01T08:11:24+00:00","dateModified":"2018-11-23T08:52:50+00:00","author":{"@id":"https:\/\/blog.solstis.ch\/#\/schema\/person\/5a9f5ef0a66b3e68c712ab62eeb4a1f9"},"breadcrumb":{"@id":"https:\/\/blog.solstis.ch\/index.php\/fr\/2018\/11\/01\/equiwatt-programme-de-subventions-a-yverdon-les-bains\/#breadcrumb"},"inLanguage":"fr-FR","potentialAction":[{"@type":"ReadAction","target":["https:\/\/blog.solstis.ch\/index.php\/fr\/2018\/11\/01\/equiwatt-programme-de-subventions-a-yverdon-les-bains\/"]}]},{"@type":"ImageObject","inLanguage":"fr-FR","@id":"https:\/\/blog.solstis.ch\/index.php\/fr\/2018\/11\/01\/equiwatt-programme-de-subventions-a-yverdon-les-bains\/#primaryimage","url":"https:\/\/blog.solstis.ch\/wp-content\/uploads\/2018\/11\/porogramme-subventions-energetiques-solstis.jpg","contentUrl":"https:\/\/blog.solstis.ch\/wp-content\/uploads\/2018\/11\/porogramme-subventions-energetiques-solstis.jpg","width":600,"height":400},{"@type":"BreadcrumbList","@id":"https:\/\/blog.solstis.ch\/index.php\/fr\/2018\/11\/01\/equiwatt-programme-de-subventions-a-yverdon-les-bains\/#breadcrumb","itemListElement":[{"@type":"ListItem","position":1,"name":"Accueil","item":"https:\/\/blog.solstis.ch\/index.php\/fr\/blog\/"},{"@type":"ListItem","position":2,"name":"Equiwatt &#8211; Programme de subventions \u00e0 Yverdon-les-Bains"}]},{"@type":"WebSite","@id":"https:\/\/blog.solstis.ch\/#website","url":"https:\/\/blog.solstis.ch\/","name":"Solstis","description":"Solstis, donner au monde l&#039;\u00e9nergie d&#039;\u00eatre durable.","potentialAction":[{"@type":"SearchAction","target":{"@type":"EntryPoint","urlTemplate":"https:\/\/blog.solstis.ch\/?s={search_term_string}"},"query-input":{"@type":"PropertyValueSpecification","valueRequired":true,"valueName":"search_term_string"}}],"inLanguage":"fr-FR"},{"@type":"Person","@id":"https:\/\/blog.solstis.ch\/#\/schema\/person\/5a9f5ef0a66b3e68c712ab62eeb4a1f9","name":"admin","image":{"@type":"ImageObject","inLanguage":"fr-FR","@id":"https:\/\/blog.solstis.ch\/#\/schema\/person\/image\/","url":"https:\/\/secure.gravatar.com\/avatar\/8ba8fd08281e45cafc408887276f0396?s=96&d=mm&r=g","contentUrl":"https:\/\/secure.gravatar.com\/avatar\/8ba8fd08281e45cafc408887276f0396?s=96&d=mm&r=g","caption":"admin"},"url":"https:\/\/blog.solstis.ch\/index.php\/author\/admin\/"}]}},"jetpack_sharing_enabled":true,"jetpack_featured_media_url":"https:\/\/blog.solstis.ch\/wp-content\/uploads\/2018\/11\/porogramme-subventions-energetiques-solstis.jpg","jetpack_shortlink":"https:\/\/wp.me\/pa0tUs-iP","_links":{"self":[{"href":"https:\/\/blog.solstis.ch\/index.php\/wp-json\/wp\/v2\/posts\/1167","targetHints":{"allow":["GET"]}}],"collection":[{"href":"https:\/\/blog.solstis.ch\/index.php\/wp-json\/wp\/v2\/posts"}],"about":[{"href":"https:\/\/blog.solstis.ch\/index.php\/wp-json\/wp\/v2\/types\/post"}],"author":[{"embeddable":true,"href":"https:\/\/blog.solstis.ch\/index.php\/wp-json\/wp\/v2\/users\/1"}],"replies":[{"embeddable":true,"href":"https:\/\/blog.solstis.ch\/index.php\/wp-json\/wp\/v2\/comments?post=1167"}],"version-history":[{"count":8,"href":"https:\/\/blog.solstis.ch\/index.php\/wp-json\/wp\/v2\/posts\/1167\/revisions"}],"predecessor-version":[{"id":1181,"href":"https:\/\/blog.solstis.ch\/index.php\/wp-json\/wp\/v2\/posts\/1167\/revisions\/1181"}],"wp:featuredmedia":[{"embeddable":true,"href":"https:\/\/blog.solstis.ch\/index.php\/wp-json\/wp\/v2\/media\/1179"}],"wp:attachment":[{"href":"https:\/\/blog.solstis.ch\/index.php\/wp-json\/wp\/v2\/media?parent=1167"}],"wp:term":[{"taxonomy":"category","embeddable":true,"href":"https:\/\/blog.solstis.ch\/index.php\/wp-json\/wp\/v2\/categories?post=1167"},{"taxonomy":"post_tag","embeddable":true,"href":"https:\/\/blog.solstis.ch\/index.php\/wp-json\/wp\/v2\/tags?post=1167"}],"curies":[{"name":"wp","href":"https:\/\/api.w.org\/{rel}","templated":true}]}}