{"id":1163,"date":"2018-10-01T09:51:14","date_gmt":"2018-10-01T08:51:14","guid":{"rendered":"http:\/\/blog.solstis.ch\/?p=1163"},"modified":"2018-10-26T10:00:17","modified_gmt":"2018-10-26T09:00:17","slug":"nest-accueille-la-nouvelle-unite-solace","status":"publish","type":"post","link":"https:\/\/blog.solstis.ch\/index.php\/fr\/2018\/10\/01\/nest-accueille-la-nouvelle-unite-solace\/","title":{"rendered":"NEST accueille la nouvelle unit\u00e9 \u00abSolAce\u00bb"},"content":{"rendered":"<p>\u00c9nergie positive, neutralit\u00e9 carbone et confort optimal, voici les trois volets d\u2019exp\u00e9rimentation qui seront test\u00e9s dans une unit\u00e9 tr\u00e8s sp\u00e9ciale appel\u00e9e SolAce et inaugur\u00e9e au centre de recherche et d\u2019innovation NEST sur le campus de l\u2019Empa, \u00e0 D\u00fcbendorf.<\/p>\n<p>Une r\u00e9alisation Solstis de la fa\u00e7ade bleu Kromatix qui fait sensation !<\/p>\n<p>Plus d&rsquo;info:<\/p>\n<ul>\n<li><a href=\"https:\/\/actu.epfl.ch\/news\/solace-une-unite-experimentale-de-l-epfl-s-install\/\" target=\"_blank\" rel=\"noopener\">Actu EPFL:\u00a0 \u00ab SolAce \u00bb, une unit\u00e9 exp\u00e9rimentale de l&rsquo;EPFL s&rsquo;installe \u00e0 D\u00fcbendorf<\/a><\/li>\n<li><a href=\"https:\/\/www.empa.ch\/web\/s604\/solaceopening\" target=\"_blank\" rel=\"noopener\">Une fa\u00e7ade active et garante de bien-\u00eatre<\/a><\/li>\n<\/ul>\n","protected":false},"excerpt":{"rendered":"<p>\u00c9nergie positive, neutralit\u00e9 carbone et confort optimal, voici les trois volets d\u2019exp\u00e9rimentation qui seront test\u00e9s dans une unit\u00e9 tr\u00e8s sp\u00e9ciale [&hellip;]<\/p>\n","protected":false},"author":1,"featured_media":1164,"comment_status":"closed","ping_status":"open","sticky":true,"template":"","format":"standard","meta":{"jetpack_post_was_ever_published":false,"_jetpack_newsletter_access":"","_jetpack_dont_email_post_to_subs":false,"_jetpack_newsletter_tier_id":0,"_jetpack_memberships_contains_paywalled_content":false,"_jetpack_memberships_contains_paid_content":false,"footnotes":"","jetpack_publicize_message":"","jetpack_publicize_feature_enabled":true,"jetpack_social_post_already_shared":true,"jetpack_social_options":{"image_generator_settings":{"template":"highway","enabled":false},"version":2}},"categories":[115,224,61],"tags":[],"class_list":["post-1163","post","type-post","status-publish","format-standard","has-post-thumbnail","hentry","category-actualite","category-solstis","category-technologie"],"jetpack_publicize_connections":[],"yoast_head":"<!-- This site is optimized with the Yoast SEO plugin v23.8 - https:\/\/yoast.com\/wordpress\/plugins\/seo\/ -->\n<title>NEST accueille la nouvelle unit\u00e9 \u00abSolAce\u00bb - Solstis<\/title>\n<meta name=\"robots\" content=\"index, follow, max-snippet:-1, max-image-preview:large, max-video-preview:-1\" \/>\n<link rel=\"canonical\" href=\"https:\/\/blog.solstis.ch\/index.php\/fr\/2018\/10\/01\/nest-accueille-la-nouvelle-unite-solace\/\" \/>\n<meta property=\"og:locale\" content=\"fr_FR\" \/>\n<meta property=\"og:type\" content=\"article\" \/>\n<meta property=\"og:title\" content=\"NEST accueille la nouvelle unit\u00e9 \u00abSolAce\u00bb - Solstis\" \/>\n<meta property=\"og:description\" content=\"\u00c9nergie positive, neutralit\u00e9 carbone et confort optimal, voici les trois volets d\u2019exp\u00e9rimentation qui seront test\u00e9s dans une unit\u00e9 tr\u00e8s sp\u00e9ciale [&hellip;]\" \/>\n<meta property=\"og:url\" content=\"https:\/\/blog.solstis.ch\/index.php\/fr\/2018\/10\/01\/nest-accueille-la-nouvelle-unite-solace\/\" \/>\n<meta property=\"og:site_name\" content=\"Solstis\" \/>\n<meta property=\"article:published_time\" content=\"2018-10-01T08:51:14+00:00\" \/>\n<meta property=\"article:modified_time\" content=\"2018-10-26T09:00:17+00:00\" \/>\n<meta property=\"og:image\" content=\"https:\/\/blog.solstis.ch\/wp-content\/uploads\/2018\/10\/solace-solstis-1024x819.jpg\" \/>\n\t<meta property=\"og:image:width\" content=\"1024\" \/>\n\t<meta property=\"og:image:height\" content=\"819\" \/>\n\t<meta property=\"og:image:type\" content=\"image\/jpeg\" \/>\n<meta name=\"author\" content=\"admin\" \/>\n<meta name=\"twitter:card\" content=\"summary_large_image\" \/>\n<meta name=\"twitter:label1\" content=\"\u00c9crit par\" \/>\n\t<meta name=\"twitter:data1\" content=\"admin\" \/>\n<script type=\"application\/ld+json\" class=\"yoast-schema-graph\">{\"@context\":\"https:\/\/schema.org\",\"@graph\":[{\"@type\":\"WebPage\",\"@id\":\"https:\/\/blog.solstis.ch\/index.php\/fr\/2018\/10\/01\/nest-accueille-la-nouvelle-unite-solace\/\",\"url\":\"https:\/\/blog.solstis.ch\/index.php\/fr\/2018\/10\/01\/nest-accueille-la-nouvelle-unite-solace\/\",\"name\":\"NEST accueille la nouvelle unit\u00e9 \u00abSolAce\u00bb - Solstis\",\"isPartOf\":{\"@id\":\"https:\/\/blog.solstis.ch\/#website\"},\"primaryImageOfPage\":{\"@id\":\"https:\/\/blog.solstis.ch\/index.php\/fr\/2018\/10\/01\/nest-accueille-la-nouvelle-unite-solace\/#primaryimage\"},\"image\":{\"@id\":\"https:\/\/blog.solstis.ch\/index.php\/fr\/2018\/10\/01\/nest-accueille-la-nouvelle-unite-solace\/#primaryimage\"},\"thumbnailUrl\":\"https:\/\/blog.solstis.ch\/wp-content\/uploads\/2018\/10\/solace-solstis.jpg\",\"datePublished\":\"2018-10-01T08:51:14+00:00\",\"dateModified\":\"2018-10-26T09:00:17+00:00\",\"author\":{\"@id\":\"https:\/\/blog.solstis.ch\/#\/schema\/person\/5a9f5ef0a66b3e68c712ab62eeb4a1f9\"},\"breadcrumb\":{\"@id\":\"https:\/\/blog.solstis.ch\/index.php\/fr\/2018\/10\/01\/nest-accueille-la-nouvelle-unite-solace\/#breadcrumb\"},\"inLanguage\":\"fr-FR\",\"potentialAction\":[{\"@type\":\"ReadAction\",\"target\":[\"https:\/\/blog.solstis.ch\/index.php\/fr\/2018\/10\/01\/nest-accueille-la-nouvelle-unite-solace\/\"]}]},{\"@type\":\"ImageObject\",\"inLanguage\":\"fr-FR\",\"@id\":\"https:\/\/blog.solstis.ch\/index.php\/fr\/2018\/10\/01\/nest-accueille-la-nouvelle-unite-solace\/#primaryimage\",\"url\":\"https:\/\/blog.solstis.ch\/wp-content\/uploads\/2018\/10\/solace-solstis.jpg\",\"contentUrl\":\"https:\/\/blog.solstis.ch\/wp-content\/uploads\/2018\/10\/solace-solstis.jpg\",\"width\":5000,\"height\":4000},{\"@type\":\"BreadcrumbList\",\"@id\":\"https:\/\/blog.solstis.ch\/index.php\/fr\/2018\/10\/01\/nest-accueille-la-nouvelle-unite-solace\/#breadcrumb\",\"itemListElement\":[{\"@type\":\"ListItem\",\"position\":1,\"name\":\"Accueil\",\"item\":\"https:\/\/blog.solstis.ch\/index.php\/fr\/blog\/\"},{\"@type\":\"ListItem\",\"position\":2,\"name\":\"NEST accueille la nouvelle unit\u00e9 \u00abSolAce\u00bb\"}]},{\"@type\":\"WebSite\",\"@id\":\"https:\/\/blog.solstis.ch\/#website\",\"url\":\"https:\/\/blog.solstis.ch\/\",\"name\":\"Solstis\",\"description\":\"Solstis, donner au monde l&#039;\u00e9nergie d&#039;\u00eatre durable.\",\"potentialAction\":[{\"@type\":\"SearchAction\",\"target\":{\"@type\":\"EntryPoint\",\"urlTemplate\":\"https:\/\/blog.solstis.ch\/?s={search_term_string}\"},\"query-input\":{\"@type\":\"PropertyValueSpecification\",\"valueRequired\":true,\"valueName\":\"search_term_string\"}}],\"inLanguage\":\"fr-FR\"},{\"@type\":\"Person\",\"@id\":\"https:\/\/blog.solstis.ch\/#\/schema\/person\/5a9f5ef0a66b3e68c712ab62eeb4a1f9\",\"name\":\"admin\",\"image\":{\"@type\":\"ImageObject\",\"inLanguage\":\"fr-FR\",\"@id\":\"https:\/\/blog.solstis.ch\/#\/schema\/person\/image\/\",\"url\":\"https:\/\/secure.gravatar.com\/avatar\/8ba8fd08281e45cafc408887276f0396?s=96&d=mm&r=g\",\"contentUrl\":\"https:\/\/secure.gravatar.com\/avatar\/8ba8fd08281e45cafc408887276f0396?s=96&d=mm&r=g\",\"caption\":\"admin\"},\"url\":\"https:\/\/blog.solstis.ch\/index.php\/author\/admin\/\"}]}<\/script>\n<!-- \/ Yoast SEO plugin. -->","yoast_head_json":{"title":"NEST accueille la nouvelle unit\u00e9 \u00abSolAce\u00bb - Solstis","robots":{"index":"index","follow":"follow","max-snippet":"max-snippet:-1","max-image-preview":"max-image-preview:large","max-video-preview":"max-video-preview:-1"},"canonical":"https:\/\/blog.solstis.ch\/index.php\/fr\/2018\/10\/01\/nest-accueille-la-nouvelle-unite-solace\/","og_locale":"fr_FR","og_type":"article","og_title":"NEST accueille la nouvelle unit\u00e9 \u00abSolAce\u00bb - Solstis","og_description":"\u00c9nergie positive, neutralit\u00e9 carbone et confort optimal, voici les trois volets d\u2019exp\u00e9rimentation qui seront test\u00e9s dans une unit\u00e9 tr\u00e8s sp\u00e9ciale [&hellip;]","og_url":"https:\/\/blog.solstis.ch\/index.php\/fr\/2018\/10\/01\/nest-accueille-la-nouvelle-unite-solace\/","og_site_name":"Solstis","article_published_time":"2018-10-01T08:51:14+00:00","article_modified_time":"2018-10-26T09:00:17+00:00","og_image":[{"width":1024,"height":819,"url":"https:\/\/blog.solstis.ch\/wp-content\/uploads\/2018\/10\/solace-solstis-1024x819.jpg","type":"image\/jpeg"}],"author":"admin","twitter_card":"summary_large_image","twitter_misc":{"\u00c9crit par":"admin"},"schema":{"@context":"https:\/\/schema.org","@graph":[{"@type":"WebPage","@id":"https:\/\/blog.solstis.ch\/index.php\/fr\/2018\/10\/01\/nest-accueille-la-nouvelle-unite-solace\/","url":"https:\/\/blog.solstis.ch\/index.php\/fr\/2018\/10\/01\/nest-accueille-la-nouvelle-unite-solace\/","name":"NEST accueille la nouvelle unit\u00e9 \u00abSolAce\u00bb - Solstis","isPartOf":{"@id":"https:\/\/blog.solstis.ch\/#website"},"primaryImageOfPage":{"@id":"https:\/\/blog.solstis.ch\/index.php\/fr\/2018\/10\/01\/nest-accueille-la-nouvelle-unite-solace\/#primaryimage"},"image":{"@id":"https:\/\/blog.solstis.ch\/index.php\/fr\/2018\/10\/01\/nest-accueille-la-nouvelle-unite-solace\/#primaryimage"},"thumbnailUrl":"https:\/\/blog.solstis.ch\/wp-content\/uploads\/2018\/10\/solace-solstis.jpg","datePublished":"2018-10-01T08:51:14+00:00","dateModified":"2018-10-26T09:00:17+00:00","author":{"@id":"https:\/\/blog.solstis.ch\/#\/schema\/person\/5a9f5ef0a66b3e68c712ab62eeb4a1f9"},"breadcrumb":{"@id":"https:\/\/blog.solstis.ch\/index.php\/fr\/2018\/10\/01\/nest-accueille-la-nouvelle-unite-solace\/#breadcrumb"},"inLanguage":"fr-FR","potentialAction":[{"@type":"ReadAction","target":["https:\/\/blog.solstis.ch\/index.php\/fr\/2018\/10\/01\/nest-accueille-la-nouvelle-unite-solace\/"]}]},{"@type":"ImageObject","inLanguage":"fr-FR","@id":"https:\/\/blog.solstis.ch\/index.php\/fr\/2018\/10\/01\/nest-accueille-la-nouvelle-unite-solace\/#primaryimage","url":"https:\/\/blog.solstis.ch\/wp-content\/uploads\/2018\/10\/solace-solstis.jpg","contentUrl":"https:\/\/blog.solstis.ch\/wp-content\/uploads\/2018\/10\/solace-solstis.jpg","width":5000,"height":4000},{"@type":"BreadcrumbList","@id":"https:\/\/blog.solstis.ch\/index.php\/fr\/2018\/10\/01\/nest-accueille-la-nouvelle-unite-solace\/#breadcrumb","itemListElement":[{"@type":"ListItem","position":1,"name":"Accueil","item":"https:\/\/blog.solstis.ch\/index.php\/fr\/blog\/"},{"@type":"ListItem","position":2,"name":"NEST accueille la nouvelle unit\u00e9 \u00abSolAce\u00bb"}]},{"@type":"WebSite","@id":"https:\/\/blog.solstis.ch\/#website","url":"https:\/\/blog.solstis.ch\/","name":"Solstis","description":"Solstis, donner au monde l&#039;\u00e9nergie d&#039;\u00eatre durable.","potentialAction":[{"@type":"SearchAction","target":{"@type":"EntryPoint","urlTemplate":"https:\/\/blog.solstis.ch\/?s={search_term_string}"},"query-input":{"@type":"PropertyValueSpecification","valueRequired":true,"valueName":"search_term_string"}}],"inLanguage":"fr-FR"},{"@type":"Person","@id":"https:\/\/blog.solstis.ch\/#\/schema\/person\/5a9f5ef0a66b3e68c712ab62eeb4a1f9","name":"admin","image":{"@type":"ImageObject","inLanguage":"fr-FR","@id":"https:\/\/blog.solstis.ch\/#\/schema\/person\/image\/","url":"https:\/\/secure.gravatar.com\/avatar\/8ba8fd08281e45cafc408887276f0396?s=96&d=mm&r=g","contentUrl":"https:\/\/secure.gravatar.com\/avatar\/8ba8fd08281e45cafc408887276f0396?s=96&d=mm&r=g","caption":"admin"},"url":"https:\/\/blog.solstis.ch\/index.php\/author\/admin\/"}]}},"jetpack_sharing_enabled":true,"jetpack_featured_media_url":"https:\/\/blog.solstis.ch\/wp-content\/uploads\/2018\/10\/solace-solstis.jpg","jetpack_shortlink":"https:\/\/wp.me\/pa0tUs-iL","_links":{"self":[{"href":"https:\/\/blog.solstis.ch\/index.php\/wp-json\/wp\/v2\/posts\/1163","targetHints":{"allow":["GET"]}}],"collection":[{"href":"https:\/\/blog.solstis.ch\/index.php\/wp-json\/wp\/v2\/posts"}],"about":[{"href":"https:\/\/blog.solstis.ch\/index.php\/wp-json\/wp\/v2\/types\/post"}],"author":[{"embeddable":true,"href":"https:\/\/blog.solstis.ch\/index.php\/wp-json\/wp\/v2\/users\/1"}],"replies":[{"embeddable":true,"href":"https:\/\/blog.solstis.ch\/index.php\/wp-json\/wp\/v2\/comments?post=1163"}],"version-history":[{"count":1,"href":"https:\/\/blog.solstis.ch\/index.php\/wp-json\/wp\/v2\/posts\/1163\/revisions"}],"predecessor-version":[{"id":1165,"href":"https:\/\/blog.solstis.ch\/index.php\/wp-json\/wp\/v2\/posts\/1163\/revisions\/1165"}],"wp:featuredmedia":[{"embeddable":true,"href":"https:\/\/blog.solstis.ch\/index.php\/wp-json\/wp\/v2\/media\/1164"}],"wp:attachment":[{"href":"https:\/\/blog.solstis.ch\/index.php\/wp-json\/wp\/v2\/media?parent=1163"}],"wp:term":[{"taxonomy":"category","embeddable":true,"href":"https:\/\/blog.solstis.ch\/index.php\/wp-json\/wp\/v2\/categories?post=1163"},{"taxonomy":"post_tag","embeddable":true,"href":"https:\/\/blog.solstis.ch\/index.php\/wp-json\/wp\/v2\/tags?post=1163"}],"curies":[{"name":"wp","href":"https:\/\/api.w.org\/{rel}","templated":true}]}}