{"id":1106,"date":"2018-08-17T11:12:39","date_gmt":"2018-08-17T10:12:39","guid":{"rendered":"http:\/\/blog.solstis.ch\/?p=1106"},"modified":"2018-09-17T12:41:16","modified_gmt":"2018-09-17T11:41:16","slug":"le-premier-quartier-vivant-en-independance-energetique-en-suisse","status":"publish","type":"post","link":"https:\/\/blog.solstis.ch\/index.php\/fr\/2018\/08\/17\/le-premier-quartier-vivant-en-independance-energetique-en-suisse\/","title":{"rendered":"Le premier quartier vivant en ind\u00e9pendance \u00e9nerg\u00e9tique en Suisse"},"content":{"rendered":"<p>Le premier quartier en Suisse vivant en ind\u00e9pendance \u00e9nerg\u00e9tique a vu le jour \u00e0 Thierrens (campagne vaudoise). Compos\u00e9 de quatre b\u00e2timents, pour un total de 15 appartements et deux bureaux, il tire son \u00e9nergie exclusivement du soleil.<\/p>\n<p><a href=\"https:\/\/www.swissinfo.ch\/fre\/economie\/energies-renouvelables_vivre-et-se-d%C3%A9placer-gr%C3%A2ce-au-soleil\/44322754\" target=\"_blank\" rel=\"noopener\">Plus d&rsquo;info<\/a><\/p>\n","protected":false},"excerpt":{"rendered":"<p>Le premier quartier en Suisse vivant en ind\u00e9pendance \u00e9nerg\u00e9tique a vu le jour \u00e0 Thierrens (campagne vaudoise). Compos\u00e9 de quatre [&hellip;]<\/p>\n","protected":false},"author":1,"featured_media":194,"comment_status":"closed","ping_status":"open","sticky":true,"template":"","format":"standard","meta":{"jetpack_post_was_ever_published":false,"_jetpack_newsletter_access":"","_jetpack_dont_email_post_to_subs":false,"_jetpack_newsletter_tier_id":0,"_jetpack_memberships_contains_paywalled_content":false,"_jetpack_memberships_contains_paid_content":false,"footnotes":"","jetpack_publicize_message":"","jetpack_publicize_feature_enabled":true,"jetpack_social_post_already_shared":true,"jetpack_social_options":{"image_generator_settings":{"template":"highway","enabled":false},"version":2}},"categories":[115,40,33,47],"tags":[],"class_list":["post-1106","post","type-post","status-publish","format-standard","has-post-thumbnail","hentry","category-actualite","category-ecologie","category-energie","category-urbanisme"],"jetpack_publicize_connections":[],"yoast_head":"<!-- This site is optimized with the Yoast SEO plugin v23.8 - https:\/\/yoast.com\/wordpress\/plugins\/seo\/ -->\n<title>Le premier quartier vivant en ind\u00e9pendance \u00e9nerg\u00e9tique en Suisse - Solstis<\/title>\n<meta name=\"robots\" content=\"index, follow, max-snippet:-1, max-image-preview:large, max-video-preview:-1\" \/>\n<link rel=\"canonical\" href=\"https:\/\/blog.solstis.ch\/index.php\/fr\/2018\/08\/17\/le-premier-quartier-vivant-en-independance-energetique-en-suisse\/\" \/>\n<meta property=\"og:locale\" content=\"fr_FR\" \/>\n<meta property=\"og:type\" content=\"article\" \/>\n<meta property=\"og:title\" content=\"Le premier quartier vivant en ind\u00e9pendance \u00e9nerg\u00e9tique en Suisse - Solstis\" \/>\n<meta property=\"og:description\" content=\"Le premier quartier en Suisse vivant en ind\u00e9pendance \u00e9nerg\u00e9tique a vu le jour \u00e0 Thierrens (campagne vaudoise). Compos\u00e9 de quatre [&hellip;]\" \/>\n<meta property=\"og:url\" content=\"https:\/\/blog.solstis.ch\/index.php\/fr\/2018\/08\/17\/le-premier-quartier-vivant-en-independance-energetique-en-suisse\/\" \/>\n<meta property=\"og:site_name\" content=\"Solstis\" \/>\n<meta property=\"article:published_time\" content=\"2018-08-17T10:12:39+00:00\" \/>\n<meta property=\"article:modified_time\" content=\"2018-09-17T11:41:16+00:00\" \/>\n<meta property=\"og:image\" content=\"https:\/\/blog.solstis.ch\/wp-content\/uploads\/2015\/09\/zonne-energie.jpg\" \/>\n\t<meta property=\"og:image:width\" content=\"803\" \/>\n\t<meta property=\"og:image:height\" content=\"598\" \/>\n\t<meta property=\"og:image:type\" content=\"image\/jpeg\" \/>\n<meta name=\"author\" content=\"admin\" \/>\n<meta name=\"twitter:card\" content=\"summary_large_image\" \/>\n<meta name=\"twitter:label1\" content=\"\u00c9crit par\" \/>\n\t<meta name=\"twitter:data1\" content=\"admin\" \/>\n<script type=\"application\/ld+json\" class=\"yoast-schema-graph\">{\"@context\":\"https:\/\/schema.org\",\"@graph\":[{\"@type\":\"WebPage\",\"@id\":\"https:\/\/blog.solstis.ch\/index.php\/fr\/2018\/08\/17\/le-premier-quartier-vivant-en-independance-energetique-en-suisse\/\",\"url\":\"https:\/\/blog.solstis.ch\/index.php\/fr\/2018\/08\/17\/le-premier-quartier-vivant-en-independance-energetique-en-suisse\/\",\"name\":\"Le premier quartier vivant en ind\u00e9pendance \u00e9nerg\u00e9tique en Suisse - Solstis\",\"isPartOf\":{\"@id\":\"https:\/\/blog.solstis.ch\/#website\"},\"primaryImageOfPage\":{\"@id\":\"https:\/\/blog.solstis.ch\/index.php\/fr\/2018\/08\/17\/le-premier-quartier-vivant-en-independance-energetique-en-suisse\/#primaryimage\"},\"image\":{\"@id\":\"https:\/\/blog.solstis.ch\/index.php\/fr\/2018\/08\/17\/le-premier-quartier-vivant-en-independance-energetique-en-suisse\/#primaryimage\"},\"thumbnailUrl\":\"https:\/\/blog.solstis.ch\/wp-content\/uploads\/2015\/09\/zonne-energie.jpg\",\"datePublished\":\"2018-08-17T10:12:39+00:00\",\"dateModified\":\"2018-09-17T11:41:16+00:00\",\"author\":{\"@id\":\"https:\/\/blog.solstis.ch\/#\/schema\/person\/5a9f5ef0a66b3e68c712ab62eeb4a1f9\"},\"breadcrumb\":{\"@id\":\"https:\/\/blog.solstis.ch\/index.php\/fr\/2018\/08\/17\/le-premier-quartier-vivant-en-independance-energetique-en-suisse\/#breadcrumb\"},\"inLanguage\":\"fr-FR\",\"potentialAction\":[{\"@type\":\"ReadAction\",\"target\":[\"https:\/\/blog.solstis.ch\/index.php\/fr\/2018\/08\/17\/le-premier-quartier-vivant-en-independance-energetique-en-suisse\/\"]}]},{\"@type\":\"ImageObject\",\"inLanguage\":\"fr-FR\",\"@id\":\"https:\/\/blog.solstis.ch\/index.php\/fr\/2018\/08\/17\/le-premier-quartier-vivant-en-independance-energetique-en-suisse\/#primaryimage\",\"url\":\"https:\/\/blog.solstis.ch\/wp-content\/uploads\/2015\/09\/zonne-energie.jpg\",\"contentUrl\":\"https:\/\/blog.solstis.ch\/wp-content\/uploads\/2015\/09\/zonne-energie.jpg\",\"width\":803,\"height\":598,\"caption\":\"photovoltaique\"},{\"@type\":\"BreadcrumbList\",\"@id\":\"https:\/\/blog.solstis.ch\/index.php\/fr\/2018\/08\/17\/le-premier-quartier-vivant-en-independance-energetique-en-suisse\/#breadcrumb\",\"itemListElement\":[{\"@type\":\"ListItem\",\"position\":1,\"name\":\"Accueil\",\"item\":\"https:\/\/blog.solstis.ch\/index.php\/fr\/blog\/\"},{\"@type\":\"ListItem\",\"position\":2,\"name\":\"Le premier quartier vivant en ind\u00e9pendance \u00e9nerg\u00e9tique en Suisse\"}]},{\"@type\":\"WebSite\",\"@id\":\"https:\/\/blog.solstis.ch\/#website\",\"url\":\"https:\/\/blog.solstis.ch\/\",\"name\":\"Solstis\",\"description\":\"Solstis, donner au monde l&#039;\u00e9nergie d&#039;\u00eatre durable.\",\"potentialAction\":[{\"@type\":\"SearchAction\",\"target\":{\"@type\":\"EntryPoint\",\"urlTemplate\":\"https:\/\/blog.solstis.ch\/?s={search_term_string}\"},\"query-input\":{\"@type\":\"PropertyValueSpecification\",\"valueRequired\":true,\"valueName\":\"search_term_string\"}}],\"inLanguage\":\"fr-FR\"},{\"@type\":\"Person\",\"@id\":\"https:\/\/blog.solstis.ch\/#\/schema\/person\/5a9f5ef0a66b3e68c712ab62eeb4a1f9\",\"name\":\"admin\",\"image\":{\"@type\":\"ImageObject\",\"inLanguage\":\"fr-FR\",\"@id\":\"https:\/\/blog.solstis.ch\/#\/schema\/person\/image\/\",\"url\":\"https:\/\/secure.gravatar.com\/avatar\/8ba8fd08281e45cafc408887276f0396?s=96&d=mm&r=g\",\"contentUrl\":\"https:\/\/secure.gravatar.com\/avatar\/8ba8fd08281e45cafc408887276f0396?s=96&d=mm&r=g\",\"caption\":\"admin\"},\"url\":\"https:\/\/blog.solstis.ch\/index.php\/author\/admin\/\"}]}<\/script>\n<!-- \/ Yoast SEO plugin. -->","yoast_head_json":{"title":"Le premier quartier vivant en ind\u00e9pendance \u00e9nerg\u00e9tique en Suisse - Solstis","robots":{"index":"index","follow":"follow","max-snippet":"max-snippet:-1","max-image-preview":"max-image-preview:large","max-video-preview":"max-video-preview:-1"},"canonical":"https:\/\/blog.solstis.ch\/index.php\/fr\/2018\/08\/17\/le-premier-quartier-vivant-en-independance-energetique-en-suisse\/","og_locale":"fr_FR","og_type":"article","og_title":"Le premier quartier vivant en ind\u00e9pendance \u00e9nerg\u00e9tique en Suisse - Solstis","og_description":"Le premier quartier en Suisse vivant en ind\u00e9pendance \u00e9nerg\u00e9tique a vu le jour \u00e0 Thierrens (campagne vaudoise). Compos\u00e9 de quatre [&hellip;]","og_url":"https:\/\/blog.solstis.ch\/index.php\/fr\/2018\/08\/17\/le-premier-quartier-vivant-en-independance-energetique-en-suisse\/","og_site_name":"Solstis","article_published_time":"2018-08-17T10:12:39+00:00","article_modified_time":"2018-09-17T11:41:16+00:00","og_image":[{"width":803,"height":598,"url":"https:\/\/blog.solstis.ch\/wp-content\/uploads\/2015\/09\/zonne-energie.jpg","type":"image\/jpeg"}],"author":"admin","twitter_card":"summary_large_image","twitter_misc":{"\u00c9crit par":"admin"},"schema":{"@context":"https:\/\/schema.org","@graph":[{"@type":"WebPage","@id":"https:\/\/blog.solstis.ch\/index.php\/fr\/2018\/08\/17\/le-premier-quartier-vivant-en-independance-energetique-en-suisse\/","url":"https:\/\/blog.solstis.ch\/index.php\/fr\/2018\/08\/17\/le-premier-quartier-vivant-en-independance-energetique-en-suisse\/","name":"Le premier quartier vivant en ind\u00e9pendance \u00e9nerg\u00e9tique en Suisse - Solstis","isPartOf":{"@id":"https:\/\/blog.solstis.ch\/#website"},"primaryImageOfPage":{"@id":"https:\/\/blog.solstis.ch\/index.php\/fr\/2018\/08\/17\/le-premier-quartier-vivant-en-independance-energetique-en-suisse\/#primaryimage"},"image":{"@id":"https:\/\/blog.solstis.ch\/index.php\/fr\/2018\/08\/17\/le-premier-quartier-vivant-en-independance-energetique-en-suisse\/#primaryimage"},"thumbnailUrl":"https:\/\/blog.solstis.ch\/wp-content\/uploads\/2015\/09\/zonne-energie.jpg","datePublished":"2018-08-17T10:12:39+00:00","dateModified":"2018-09-17T11:41:16+00:00","author":{"@id":"https:\/\/blog.solstis.ch\/#\/schema\/person\/5a9f5ef0a66b3e68c712ab62eeb4a1f9"},"breadcrumb":{"@id":"https:\/\/blog.solstis.ch\/index.php\/fr\/2018\/08\/17\/le-premier-quartier-vivant-en-independance-energetique-en-suisse\/#breadcrumb"},"inLanguage":"fr-FR","potentialAction":[{"@type":"ReadAction","target":["https:\/\/blog.solstis.ch\/index.php\/fr\/2018\/08\/17\/le-premier-quartier-vivant-en-independance-energetique-en-suisse\/"]}]},{"@type":"ImageObject","inLanguage":"fr-FR","@id":"https:\/\/blog.solstis.ch\/index.php\/fr\/2018\/08\/17\/le-premier-quartier-vivant-en-independance-energetique-en-suisse\/#primaryimage","url":"https:\/\/blog.solstis.ch\/wp-content\/uploads\/2015\/09\/zonne-energie.jpg","contentUrl":"https:\/\/blog.solstis.ch\/wp-content\/uploads\/2015\/09\/zonne-energie.jpg","width":803,"height":598,"caption":"photovoltaique"},{"@type":"BreadcrumbList","@id":"https:\/\/blog.solstis.ch\/index.php\/fr\/2018\/08\/17\/le-premier-quartier-vivant-en-independance-energetique-en-suisse\/#breadcrumb","itemListElement":[{"@type":"ListItem","position":1,"name":"Accueil","item":"https:\/\/blog.solstis.ch\/index.php\/fr\/blog\/"},{"@type":"ListItem","position":2,"name":"Le premier quartier vivant en ind\u00e9pendance \u00e9nerg\u00e9tique en Suisse"}]},{"@type":"WebSite","@id":"https:\/\/blog.solstis.ch\/#website","url":"https:\/\/blog.solstis.ch\/","name":"Solstis","description":"Solstis, donner au monde l&#039;\u00e9nergie d&#039;\u00eatre durable.","potentialAction":[{"@type":"SearchAction","target":{"@type":"EntryPoint","urlTemplate":"https:\/\/blog.solstis.ch\/?s={search_term_string}"},"query-input":{"@type":"PropertyValueSpecification","valueRequired":true,"valueName":"search_term_string"}}],"inLanguage":"fr-FR"},{"@type":"Person","@id":"https:\/\/blog.solstis.ch\/#\/schema\/person\/5a9f5ef0a66b3e68c712ab62eeb4a1f9","name":"admin","image":{"@type":"ImageObject","inLanguage":"fr-FR","@id":"https:\/\/blog.solstis.ch\/#\/schema\/person\/image\/","url":"https:\/\/secure.gravatar.com\/avatar\/8ba8fd08281e45cafc408887276f0396?s=96&d=mm&r=g","contentUrl":"https:\/\/secure.gravatar.com\/avatar\/8ba8fd08281e45cafc408887276f0396?s=96&d=mm&r=g","caption":"admin"},"url":"https:\/\/blog.solstis.ch\/index.php\/author\/admin\/"}]}},"jetpack_sharing_enabled":true,"jetpack_featured_media_url":"https:\/\/blog.solstis.ch\/wp-content\/uploads\/2015\/09\/zonne-energie.jpg","jetpack_shortlink":"https:\/\/wp.me\/pa0tUs-hQ","_links":{"self":[{"href":"https:\/\/blog.solstis.ch\/index.php\/wp-json\/wp\/v2\/posts\/1106","targetHints":{"allow":["GET"]}}],"collection":[{"href":"https:\/\/blog.solstis.ch\/index.php\/wp-json\/wp\/v2\/posts"}],"about":[{"href":"https:\/\/blog.solstis.ch\/index.php\/wp-json\/wp\/v2\/types\/post"}],"author":[{"embeddable":true,"href":"https:\/\/blog.solstis.ch\/index.php\/wp-json\/wp\/v2\/users\/1"}],"replies":[{"embeddable":true,"href":"https:\/\/blog.solstis.ch\/index.php\/wp-json\/wp\/v2\/comments?post=1106"}],"version-history":[{"count":1,"href":"https:\/\/blog.solstis.ch\/index.php\/wp-json\/wp\/v2\/posts\/1106\/revisions"}],"predecessor-version":[{"id":1107,"href":"https:\/\/blog.solstis.ch\/index.php\/wp-json\/wp\/v2\/posts\/1106\/revisions\/1107"}],"wp:featuredmedia":[{"embeddable":true,"href":"https:\/\/blog.solstis.ch\/index.php\/wp-json\/wp\/v2\/media\/194"}],"wp:attachment":[{"href":"https:\/\/blog.solstis.ch\/index.php\/wp-json\/wp\/v2\/media?parent=1106"}],"wp:term":[{"taxonomy":"category","embeddable":true,"href":"https:\/\/blog.solstis.ch\/index.php\/wp-json\/wp\/v2\/categories?post=1106"},{"taxonomy":"post_tag","embeddable":true,"href":"https:\/\/blog.solstis.ch\/index.php\/wp-json\/wp\/v2\/tags?post=1106"}],"curies":[{"name":"wp","href":"https:\/\/api.w.org\/{rel}","templated":true}]}}