{"id":1094,"date":"2018-07-13T12:25:56","date_gmt":"2018-07-13T11:25:56","guid":{"rendered":"http:\/\/blog.solstis.ch\/?p=1094"},"modified":"2018-09-17T12:42:13","modified_gmt":"2018-09-17T11:42:13","slug":"energie-solaire-en-suisse-moins-de-nouvelles-grandes-installations-solaires-en-2017","status":"publish","type":"post","link":"https:\/\/blog.solstis.ch\/index.php\/fr\/2018\/07\/13\/energie-solaire-en-suisse-moins-de-nouvelles-grandes-installations-solaires-en-2017\/","title":{"rendered":"Energie solaire en Suisse: Moins de nouvelles grandes installations solaires en 2017"},"content":{"rendered":"<p>Le march\u00e9 des installations solaires de moyenne et grande taille a diminu\u00e9 de pr\u00e8s d&rsquo;un tiers en 2017. Celui des petites installations a par contre augment\u00e9 de 38%. Globalement, le chiffre d&rsquo;affaires du photovolta\u00efque a baiss\u00e9 de 9%. Ces chiffres correspondent \u00e0 225 terrains de football de modules nouvellement install\u00e9s.<\/p>\n<p>Selon Swissolar, ce recul est d\u00fb \u00e0 l&rsquo;absence de subventions l&rsquo;ann\u00e9e d<span class=\"text_exposed_show\">erni\u00e8re pour les moyennes et grandes installations de plus de 30 kW (-31%). <\/span><\/p>\n<p><span class=\"text_exposed_show\">L&rsquo;association a publi\u00e9 aujourd\u2019hui une \u00e9tude de march\u00e9 sur l&rsquo;\u00e9nergie solaire. Le recul est jug\u00e9 particuli\u00e8rement spectaculaire pour les centrales d&rsquo;une puissance sup\u00e9rieure \u00e0 1 m\u00e9gawatt (-73%), constate Swissolar, dont l&rsquo;\u00e9tude a \u00e9t\u00e9 valid\u00e9e par l&rsquo;Office f\u00e9d\u00e9ral de l&rsquo;\u00e9nergie (OFEN). Class\u00e9es par type d\u2019ouvrage, les plus fortes baisses concernent l&rsquo;industrie et le commerce (-23%), ainsi que l&rsquo;agriculture (-33%).<\/span><\/p>\n<p><span class=\"text_exposed_show\">Swissolar s&rsquo;attend cependant \u00e0 une l\u00e9g\u00e8re croissance de photovolta\u00efque pour 2018, m\u00eame si la situation reste tr\u00e8s difficile pour les grandes centrales photovolta\u00efques. En cause, l&rsquo;attente d&rsquo;au moins 6 ans pour les nouvelles demandes de \u00ab\u00a0grande r\u00e9tribution unique\u00a0\u00bb. Swissolar demande \u00e0 l&rsquo;OFEN de raccourcir ce d\u00e9lai \u00e0 deux ans. <\/span><\/p>\n<p><span class=\"text_exposed_show\">Pour l&rsquo;association, une autre raison entrave le d\u00e9veloppement des grandes centrales solaires. Le tarif est tr\u00e8s bas dans de nombreux endroits pour l&rsquo;\u00e9lectricit\u00e9 non consomm\u00e9e sur place. Il en r\u00e9sulte des installations solaires qui se limitent \u00e0 fournir de l&rsquo;\u00e9nergie pour la consommation propre, et n&rsquo;utilisent qu&rsquo;une petite partie de la surface de la toiture disponible. Pour cette raison, Swissolar exige des tarifs de reprise \u00e9quitables pour l&rsquo;\u00e9nergie solaire aupr\u00e8s des gestionnaires de r\u00e9seau.\u00a0\u00bb<\/span><\/p>\n<div class=\"text_exposed_show\">\n<p>Armande Reymond \u2013 Journaliste RP<br \/>\nAgence d\u2019information agricole romande (AGIR)<\/p>\n<\/div>\n","protected":false},"excerpt":{"rendered":"<p>Le march\u00e9 des installations solaires de moyenne et grande taille a diminu\u00e9 de pr\u00e8s d&rsquo;un tiers en 2017. Celui des [&hellip;]<\/p>\n","protected":false},"author":1,"featured_media":1095,"comment_status":"closed","ping_status":"open","sticky":true,"template":"","format":"standard","meta":{"jetpack_post_was_ever_published":false,"_jetpack_newsletter_access":"","_jetpack_dont_email_post_to_subs":false,"_jetpack_newsletter_tier_id":0,"_jetpack_memberships_contains_paywalled_content":false,"_jetpack_memberships_contains_paid_content":false,"footnotes":"","jetpack_publicize_message":"","jetpack_publicize_feature_enabled":true,"jetpack_social_post_already_shared":true,"jetpack_social_options":{"image_generator_settings":{"template":"highway","enabled":false},"version":2}},"categories":[115,54],"tags":[],"class_list":["post-1094","post","type-post","status-publish","format-standard","has-post-thumbnail","hentry","category-actualite","category-economie"],"jetpack_publicize_connections":[],"yoast_head":"<!-- This site is optimized with the Yoast SEO plugin v23.8 - https:\/\/yoast.com\/wordpress\/plugins\/seo\/ -->\n<title>Energie solaire en Suisse: Moins de nouvelles grandes installations solaires en 2017 - Solstis<\/title>\n<meta name=\"robots\" content=\"index, follow, max-snippet:-1, max-image-preview:large, max-video-preview:-1\" \/>\n<link rel=\"canonical\" href=\"https:\/\/blog.solstis.ch\/index.php\/fr\/2018\/07\/13\/energie-solaire-en-suisse-moins-de-nouvelles-grandes-installations-solaires-en-2017\/\" \/>\n<meta property=\"og:locale\" content=\"fr_FR\" \/>\n<meta property=\"og:type\" content=\"article\" \/>\n<meta property=\"og:title\" content=\"Energie solaire en Suisse: Moins de nouvelles grandes installations solaires en 2017 - Solstis\" \/>\n<meta property=\"og:description\" content=\"Le march\u00e9 des installations solaires de moyenne et grande taille a diminu\u00e9 de pr\u00e8s d&rsquo;un tiers en 2017. Celui des [&hellip;]\" \/>\n<meta property=\"og:url\" content=\"https:\/\/blog.solstis.ch\/index.php\/fr\/2018\/07\/13\/energie-solaire-en-suisse-moins-de-nouvelles-grandes-installations-solaires-en-2017\/\" \/>\n<meta property=\"og:site_name\" content=\"Solstis\" \/>\n<meta property=\"article:published_time\" content=\"2018-07-13T11:25:56+00:00\" \/>\n<meta property=\"article:modified_time\" content=\"2018-09-17T11:42:13+00:00\" \/>\n<meta property=\"og:image\" content=\"https:\/\/blog.solstis.ch\/wp-content\/uploads\/2018\/07\/solstis-energie-solaire.jpg\" \/>\n\t<meta property=\"og:image:width\" content=\"860\" \/>\n\t<meta property=\"og:image:height\" content=\"420\" \/>\n\t<meta property=\"og:image:type\" content=\"image\/jpeg\" \/>\n<meta name=\"author\" content=\"admin\" \/>\n<meta name=\"twitter:card\" content=\"summary_large_image\" \/>\n<meta name=\"twitter:label1\" content=\"\u00c9crit par\" \/>\n\t<meta name=\"twitter:data1\" content=\"admin\" \/>\n\t<meta name=\"twitter:label2\" content=\"Dur\u00e9e de lecture estim\u00e9e\" \/>\n\t<meta name=\"twitter:data2\" content=\"1 minute\" \/>\n<script type=\"application\/ld+json\" class=\"yoast-schema-graph\">{\"@context\":\"https:\/\/schema.org\",\"@graph\":[{\"@type\":\"WebPage\",\"@id\":\"https:\/\/blog.solstis.ch\/index.php\/fr\/2018\/07\/13\/energie-solaire-en-suisse-moins-de-nouvelles-grandes-installations-solaires-en-2017\/\",\"url\":\"https:\/\/blog.solstis.ch\/index.php\/fr\/2018\/07\/13\/energie-solaire-en-suisse-moins-de-nouvelles-grandes-installations-solaires-en-2017\/\",\"name\":\"Energie solaire en Suisse: Moins de nouvelles grandes installations solaires en 2017 - Solstis\",\"isPartOf\":{\"@id\":\"https:\/\/blog.solstis.ch\/#website\"},\"primaryImageOfPage\":{\"@id\":\"https:\/\/blog.solstis.ch\/index.php\/fr\/2018\/07\/13\/energie-solaire-en-suisse-moins-de-nouvelles-grandes-installations-solaires-en-2017\/#primaryimage\"},\"image\":{\"@id\":\"https:\/\/blog.solstis.ch\/index.php\/fr\/2018\/07\/13\/energie-solaire-en-suisse-moins-de-nouvelles-grandes-installations-solaires-en-2017\/#primaryimage\"},\"thumbnailUrl\":\"https:\/\/blog.solstis.ch\/wp-content\/uploads\/2018\/07\/solstis-energie-solaire.jpg\",\"datePublished\":\"2018-07-13T11:25:56+00:00\",\"dateModified\":\"2018-09-17T11:42:13+00:00\",\"author\":{\"@id\":\"https:\/\/blog.solstis.ch\/#\/schema\/person\/5a9f5ef0a66b3e68c712ab62eeb4a1f9\"},\"breadcrumb\":{\"@id\":\"https:\/\/blog.solstis.ch\/index.php\/fr\/2018\/07\/13\/energie-solaire-en-suisse-moins-de-nouvelles-grandes-installations-solaires-en-2017\/#breadcrumb\"},\"inLanguage\":\"fr-FR\",\"potentialAction\":[{\"@type\":\"ReadAction\",\"target\":[\"https:\/\/blog.solstis.ch\/index.php\/fr\/2018\/07\/13\/energie-solaire-en-suisse-moins-de-nouvelles-grandes-installations-solaires-en-2017\/\"]}]},{\"@type\":\"ImageObject\",\"inLanguage\":\"fr-FR\",\"@id\":\"https:\/\/blog.solstis.ch\/index.php\/fr\/2018\/07\/13\/energie-solaire-en-suisse-moins-de-nouvelles-grandes-installations-solaires-en-2017\/#primaryimage\",\"url\":\"https:\/\/blog.solstis.ch\/wp-content\/uploads\/2018\/07\/solstis-energie-solaire.jpg\",\"contentUrl\":\"https:\/\/blog.solstis.ch\/wp-content\/uploads\/2018\/07\/solstis-energie-solaire.jpg\",\"width\":860,\"height\":420},{\"@type\":\"BreadcrumbList\",\"@id\":\"https:\/\/blog.solstis.ch\/index.php\/fr\/2018\/07\/13\/energie-solaire-en-suisse-moins-de-nouvelles-grandes-installations-solaires-en-2017\/#breadcrumb\",\"itemListElement\":[{\"@type\":\"ListItem\",\"position\":1,\"name\":\"Accueil\",\"item\":\"https:\/\/blog.solstis.ch\/index.php\/fr\/blog\/\"},{\"@type\":\"ListItem\",\"position\":2,\"name\":\"Energie solaire en Suisse: Moins de nouvelles grandes installations solaires en 2017\"}]},{\"@type\":\"WebSite\",\"@id\":\"https:\/\/blog.solstis.ch\/#website\",\"url\":\"https:\/\/blog.solstis.ch\/\",\"name\":\"Solstis\",\"description\":\"Solstis, donner au monde l&#039;\u00e9nergie d&#039;\u00eatre durable.\",\"potentialAction\":[{\"@type\":\"SearchAction\",\"target\":{\"@type\":\"EntryPoint\",\"urlTemplate\":\"https:\/\/blog.solstis.ch\/?s={search_term_string}\"},\"query-input\":{\"@type\":\"PropertyValueSpecification\",\"valueRequired\":true,\"valueName\":\"search_term_string\"}}],\"inLanguage\":\"fr-FR\"},{\"@type\":\"Person\",\"@id\":\"https:\/\/blog.solstis.ch\/#\/schema\/person\/5a9f5ef0a66b3e68c712ab62eeb4a1f9\",\"name\":\"admin\",\"image\":{\"@type\":\"ImageObject\",\"inLanguage\":\"fr-FR\",\"@id\":\"https:\/\/blog.solstis.ch\/#\/schema\/person\/image\/\",\"url\":\"https:\/\/secure.gravatar.com\/avatar\/8ba8fd08281e45cafc408887276f0396?s=96&d=mm&r=g\",\"contentUrl\":\"https:\/\/secure.gravatar.com\/avatar\/8ba8fd08281e45cafc408887276f0396?s=96&d=mm&r=g\",\"caption\":\"admin\"},\"url\":\"https:\/\/blog.solstis.ch\/index.php\/author\/admin\/\"}]}<\/script>\n<!-- \/ Yoast SEO plugin. -->","yoast_head_json":{"title":"Energie solaire en Suisse: Moins de nouvelles grandes installations solaires en 2017 - Solstis","robots":{"index":"index","follow":"follow","max-snippet":"max-snippet:-1","max-image-preview":"max-image-preview:large","max-video-preview":"max-video-preview:-1"},"canonical":"https:\/\/blog.solstis.ch\/index.php\/fr\/2018\/07\/13\/energie-solaire-en-suisse-moins-de-nouvelles-grandes-installations-solaires-en-2017\/","og_locale":"fr_FR","og_type":"article","og_title":"Energie solaire en Suisse: Moins de nouvelles grandes installations solaires en 2017 - Solstis","og_description":"Le march\u00e9 des installations solaires de moyenne et grande taille a diminu\u00e9 de pr\u00e8s d&rsquo;un tiers en 2017. Celui des [&hellip;]","og_url":"https:\/\/blog.solstis.ch\/index.php\/fr\/2018\/07\/13\/energie-solaire-en-suisse-moins-de-nouvelles-grandes-installations-solaires-en-2017\/","og_site_name":"Solstis","article_published_time":"2018-07-13T11:25:56+00:00","article_modified_time":"2018-09-17T11:42:13+00:00","og_image":[{"width":860,"height":420,"url":"https:\/\/blog.solstis.ch\/wp-content\/uploads\/2018\/07\/solstis-energie-solaire.jpg","type":"image\/jpeg"}],"author":"admin","twitter_card":"summary_large_image","twitter_misc":{"\u00c9crit par":"admin","Dur\u00e9e de lecture estim\u00e9e":"1 minute"},"schema":{"@context":"https:\/\/schema.org","@graph":[{"@type":"WebPage","@id":"https:\/\/blog.solstis.ch\/index.php\/fr\/2018\/07\/13\/energie-solaire-en-suisse-moins-de-nouvelles-grandes-installations-solaires-en-2017\/","url":"https:\/\/blog.solstis.ch\/index.php\/fr\/2018\/07\/13\/energie-solaire-en-suisse-moins-de-nouvelles-grandes-installations-solaires-en-2017\/","name":"Energie solaire en Suisse: Moins de nouvelles grandes installations solaires en 2017 - Solstis","isPartOf":{"@id":"https:\/\/blog.solstis.ch\/#website"},"primaryImageOfPage":{"@id":"https:\/\/blog.solstis.ch\/index.php\/fr\/2018\/07\/13\/energie-solaire-en-suisse-moins-de-nouvelles-grandes-installations-solaires-en-2017\/#primaryimage"},"image":{"@id":"https:\/\/blog.solstis.ch\/index.php\/fr\/2018\/07\/13\/energie-solaire-en-suisse-moins-de-nouvelles-grandes-installations-solaires-en-2017\/#primaryimage"},"thumbnailUrl":"https:\/\/blog.solstis.ch\/wp-content\/uploads\/2018\/07\/solstis-energie-solaire.jpg","datePublished":"2018-07-13T11:25:56+00:00","dateModified":"2018-09-17T11:42:13+00:00","author":{"@id":"https:\/\/blog.solstis.ch\/#\/schema\/person\/5a9f5ef0a66b3e68c712ab62eeb4a1f9"},"breadcrumb":{"@id":"https:\/\/blog.solstis.ch\/index.php\/fr\/2018\/07\/13\/energie-solaire-en-suisse-moins-de-nouvelles-grandes-installations-solaires-en-2017\/#breadcrumb"},"inLanguage":"fr-FR","potentialAction":[{"@type":"ReadAction","target":["https:\/\/blog.solstis.ch\/index.php\/fr\/2018\/07\/13\/energie-solaire-en-suisse-moins-de-nouvelles-grandes-installations-solaires-en-2017\/"]}]},{"@type":"ImageObject","inLanguage":"fr-FR","@id":"https:\/\/blog.solstis.ch\/index.php\/fr\/2018\/07\/13\/energie-solaire-en-suisse-moins-de-nouvelles-grandes-installations-solaires-en-2017\/#primaryimage","url":"https:\/\/blog.solstis.ch\/wp-content\/uploads\/2018\/07\/solstis-energie-solaire.jpg","contentUrl":"https:\/\/blog.solstis.ch\/wp-content\/uploads\/2018\/07\/solstis-energie-solaire.jpg","width":860,"height":420},{"@type":"BreadcrumbList","@id":"https:\/\/blog.solstis.ch\/index.php\/fr\/2018\/07\/13\/energie-solaire-en-suisse-moins-de-nouvelles-grandes-installations-solaires-en-2017\/#breadcrumb","itemListElement":[{"@type":"ListItem","position":1,"name":"Accueil","item":"https:\/\/blog.solstis.ch\/index.php\/fr\/blog\/"},{"@type":"ListItem","position":2,"name":"Energie solaire en Suisse: Moins de nouvelles grandes installations solaires en 2017"}]},{"@type":"WebSite","@id":"https:\/\/blog.solstis.ch\/#website","url":"https:\/\/blog.solstis.ch\/","name":"Solstis","description":"Solstis, donner au monde l&#039;\u00e9nergie d&#039;\u00eatre durable.","potentialAction":[{"@type":"SearchAction","target":{"@type":"EntryPoint","urlTemplate":"https:\/\/blog.solstis.ch\/?s={search_term_string}"},"query-input":{"@type":"PropertyValueSpecification","valueRequired":true,"valueName":"search_term_string"}}],"inLanguage":"fr-FR"},{"@type":"Person","@id":"https:\/\/blog.solstis.ch\/#\/schema\/person\/5a9f5ef0a66b3e68c712ab62eeb4a1f9","name":"admin","image":{"@type":"ImageObject","inLanguage":"fr-FR","@id":"https:\/\/blog.solstis.ch\/#\/schema\/person\/image\/","url":"https:\/\/secure.gravatar.com\/avatar\/8ba8fd08281e45cafc408887276f0396?s=96&d=mm&r=g","contentUrl":"https:\/\/secure.gravatar.com\/avatar\/8ba8fd08281e45cafc408887276f0396?s=96&d=mm&r=g","caption":"admin"},"url":"https:\/\/blog.solstis.ch\/index.php\/author\/admin\/"}]}},"jetpack_sharing_enabled":true,"jetpack_featured_media_url":"https:\/\/blog.solstis.ch\/wp-content\/uploads\/2018\/07\/solstis-energie-solaire.jpg","jetpack_shortlink":"https:\/\/wp.me\/pa0tUs-hE","_links":{"self":[{"href":"https:\/\/blog.solstis.ch\/index.php\/wp-json\/wp\/v2\/posts\/1094","targetHints":{"allow":["GET"]}}],"collection":[{"href":"https:\/\/blog.solstis.ch\/index.php\/wp-json\/wp\/v2\/posts"}],"about":[{"href":"https:\/\/blog.solstis.ch\/index.php\/wp-json\/wp\/v2\/types\/post"}],"author":[{"embeddable":true,"href":"https:\/\/blog.solstis.ch\/index.php\/wp-json\/wp\/v2\/users\/1"}],"replies":[{"embeddable":true,"href":"https:\/\/blog.solstis.ch\/index.php\/wp-json\/wp\/v2\/comments?post=1094"}],"version-history":[{"count":2,"href":"https:\/\/blog.solstis.ch\/index.php\/wp-json\/wp\/v2\/posts\/1094\/revisions"}],"predecessor-version":[{"id":1097,"href":"https:\/\/blog.solstis.ch\/index.php\/wp-json\/wp\/v2\/posts\/1094\/revisions\/1097"}],"wp:featuredmedia":[{"embeddable":true,"href":"https:\/\/blog.solstis.ch\/index.php\/wp-json\/wp\/v2\/media\/1095"}],"wp:attachment":[{"href":"https:\/\/blog.solstis.ch\/index.php\/wp-json\/wp\/v2\/media?parent=1094"}],"wp:term":[{"taxonomy":"category","embeddable":true,"href":"https:\/\/blog.solstis.ch\/index.php\/wp-json\/wp\/v2\/categories?post=1094"},{"taxonomy":"post_tag","embeddable":true,"href":"https:\/\/blog.solstis.ch\/index.php\/wp-json\/wp\/v2\/tags?post=1094"}],"curies":[{"name":"wp","href":"https:\/\/api.w.org\/{rel}","templated":true}]}}