{"id":1083,"date":"2018-07-09T12:02:01","date_gmt":"2018-07-09T11:02:01","guid":{"rendered":"http:\/\/blog.solstis.ch\/?p=1083"},"modified":"2018-09-17T12:42:31","modified_gmt":"2018-09-17T11:42:31","slug":"a-quoi-ressemblera-le-secteur-de-lenergie-dans-30-ans","status":"publish","type":"post","link":"https:\/\/blog.solstis.ch\/index.php\/fr\/2018\/07\/09\/a-quoi-ressemblera-le-secteur-de-lenergie-dans-30-ans\/","title":{"rendered":"A quoi ressemblera le secteur de l&rsquo;\u00e9nergie dans 30 ans ?"},"content":{"rendered":"<p>Les nouveaux mix \u00e9lectriques seront sans carbone, et comp\u00e9titifs par rapport au thermique fossile car les nouvelles capacit\u00e9s seront tr\u00e8s majoritairement d&rsquo;origine renouvelable.<\/p>\n<p><a href=\"https:\/\/www.lesechos.fr\/industrie-services\/energie-environnement\/0301739865606-a-quoi-ressemblera-le-secteur-de-lenergie-dans-30-ans-2180718.php\" target=\"_blank\" rel=\"noopener\">Lire l&rsquo;article<\/a><\/p>\n","protected":false},"excerpt":{"rendered":"<p>Les nouveaux mix \u00e9lectriques seront sans carbone, et comp\u00e9titifs par rapport au thermique fossile car les nouvelles capacit\u00e9s seront tr\u00e8s [&hellip;]<\/p>\n","protected":false},"author":1,"featured_media":549,"comment_status":"closed","ping_status":"open","sticky":true,"template":"","format":"standard","meta":{"jetpack_post_was_ever_published":false,"_jetpack_newsletter_access":"","_jetpack_dont_email_post_to_subs":false,"_jetpack_newsletter_tier_id":0,"_jetpack_memberships_contains_paywalled_content":false,"_jetpack_memberships_contains_paid_content":false,"footnotes":"","jetpack_publicize_message":"","jetpack_publicize_feature_enabled":true,"jetpack_social_post_already_shared":true,"jetpack_social_options":{"image_generator_settings":{"template":"highway","enabled":false},"version":2}},"categories":[40,33],"tags":[],"class_list":["post-1083","post","type-post","status-publish","format-standard","has-post-thumbnail","hentry","category-ecologie","category-energie"],"jetpack_publicize_connections":[],"yoast_head":"<!-- This site is optimized with the Yoast SEO plugin v23.8 - https:\/\/yoast.com\/wordpress\/plugins\/seo\/ -->\n<title>A quoi ressemblera le secteur de l&#039;\u00e9nergie dans 30 ans ? - Solstis<\/title>\n<meta name=\"robots\" content=\"index, follow, max-snippet:-1, max-image-preview:large, max-video-preview:-1\" \/>\n<link rel=\"canonical\" href=\"https:\/\/blog.solstis.ch\/index.php\/fr\/2018\/07\/09\/a-quoi-ressemblera-le-secteur-de-lenergie-dans-30-ans\/\" \/>\n<meta property=\"og:locale\" content=\"fr_FR\" \/>\n<meta property=\"og:type\" content=\"article\" \/>\n<meta property=\"og:title\" content=\"A quoi ressemblera le secteur de l&#039;\u00e9nergie dans 30 ans ? - Solstis\" \/>\n<meta property=\"og:description\" content=\"Les nouveaux mix \u00e9lectriques seront sans carbone, et comp\u00e9titifs par rapport au thermique fossile car les nouvelles capacit\u00e9s seront tr\u00e8s [&hellip;]\" \/>\n<meta property=\"og:url\" content=\"https:\/\/blog.solstis.ch\/index.php\/fr\/2018\/07\/09\/a-quoi-ressemblera-le-secteur-de-lenergie-dans-30-ans\/\" \/>\n<meta property=\"og:site_name\" content=\"Solstis\" \/>\n<meta property=\"article:published_time\" content=\"2018-07-09T11:02:01+00:00\" \/>\n<meta property=\"article:modified_time\" content=\"2018-09-17T11:42:31+00:00\" \/>\n<meta property=\"og:image\" content=\"https:\/\/blog.solstis.ch\/wp-content\/uploads\/2016\/09\/e\u0301olienphotovoltai\u0308que.jpg\" \/>\n\t<meta property=\"og:image:width\" content=\"1200\" \/>\n\t<meta property=\"og:image:height\" content=\"800\" \/>\n\t<meta property=\"og:image:type\" content=\"image\/jpeg\" \/>\n<meta name=\"author\" content=\"admin\" \/>\n<meta name=\"twitter:card\" content=\"summary_large_image\" \/>\n<meta name=\"twitter:label1\" content=\"\u00c9crit par\" \/>\n\t<meta name=\"twitter:data1\" content=\"admin\" \/>\n<script type=\"application\/ld+json\" class=\"yoast-schema-graph\">{\"@context\":\"https:\/\/schema.org\",\"@graph\":[{\"@type\":\"WebPage\",\"@id\":\"https:\/\/blog.solstis.ch\/index.php\/fr\/2018\/07\/09\/a-quoi-ressemblera-le-secteur-de-lenergie-dans-30-ans\/\",\"url\":\"https:\/\/blog.solstis.ch\/index.php\/fr\/2018\/07\/09\/a-quoi-ressemblera-le-secteur-de-lenergie-dans-30-ans\/\",\"name\":\"A quoi ressemblera le secteur de l'\u00e9nergie dans 30 ans ? - Solstis\",\"isPartOf\":{\"@id\":\"https:\/\/blog.solstis.ch\/#website\"},\"primaryImageOfPage\":{\"@id\":\"https:\/\/blog.solstis.ch\/index.php\/fr\/2018\/07\/09\/a-quoi-ressemblera-le-secteur-de-lenergie-dans-30-ans\/#primaryimage\"},\"image\":{\"@id\":\"https:\/\/blog.solstis.ch\/index.php\/fr\/2018\/07\/09\/a-quoi-ressemblera-le-secteur-de-lenergie-dans-30-ans\/#primaryimage\"},\"thumbnailUrl\":\"https:\/\/blog.solstis.ch\/wp-content\/uploads\/2016\/09\/e\u0301olienphotovoltai\u0308que.jpg\",\"datePublished\":\"2018-07-09T11:02:01+00:00\",\"dateModified\":\"2018-09-17T11:42:31+00:00\",\"author\":{\"@id\":\"https:\/\/blog.solstis.ch\/#\/schema\/person\/5a9f5ef0a66b3e68c712ab62eeb4a1f9\"},\"breadcrumb\":{\"@id\":\"https:\/\/blog.solstis.ch\/index.php\/fr\/2018\/07\/09\/a-quoi-ressemblera-le-secteur-de-lenergie-dans-30-ans\/#breadcrumb\"},\"inLanguage\":\"fr-FR\",\"potentialAction\":[{\"@type\":\"ReadAction\",\"target\":[\"https:\/\/blog.solstis.ch\/index.php\/fr\/2018\/07\/09\/a-quoi-ressemblera-le-secteur-de-lenergie-dans-30-ans\/\"]}]},{\"@type\":\"ImageObject\",\"inLanguage\":\"fr-FR\",\"@id\":\"https:\/\/blog.solstis.ch\/index.php\/fr\/2018\/07\/09\/a-quoi-ressemblera-le-secteur-de-lenergie-dans-30-ans\/#primaryimage\",\"url\":\"https:\/\/blog.solstis.ch\/wp-content\/uploads\/2016\/09\/e\u0301olienphotovoltai\u0308que.jpg\",\"contentUrl\":\"https:\/\/blog.solstis.ch\/wp-content\/uploads\/2016\/09\/e\u0301olienphotovoltai\u0308que.jpg\",\"width\":1200,\"height\":800,\"caption\":\"\u00e9olien photovolta\u00efque\"},{\"@type\":\"BreadcrumbList\",\"@id\":\"https:\/\/blog.solstis.ch\/index.php\/fr\/2018\/07\/09\/a-quoi-ressemblera-le-secteur-de-lenergie-dans-30-ans\/#breadcrumb\",\"itemListElement\":[{\"@type\":\"ListItem\",\"position\":1,\"name\":\"Accueil\",\"item\":\"https:\/\/blog.solstis.ch\/index.php\/fr\/blog\/\"},{\"@type\":\"ListItem\",\"position\":2,\"name\":\"A quoi ressemblera le secteur de l&rsquo;\u00e9nergie dans 30 ans ?\"}]},{\"@type\":\"WebSite\",\"@id\":\"https:\/\/blog.solstis.ch\/#website\",\"url\":\"https:\/\/blog.solstis.ch\/\",\"name\":\"Solstis\",\"description\":\"Solstis, donner au monde l&#039;\u00e9nergie d&#039;\u00eatre durable.\",\"potentialAction\":[{\"@type\":\"SearchAction\",\"target\":{\"@type\":\"EntryPoint\",\"urlTemplate\":\"https:\/\/blog.solstis.ch\/?s={search_term_string}\"},\"query-input\":{\"@type\":\"PropertyValueSpecification\",\"valueRequired\":true,\"valueName\":\"search_term_string\"}}],\"inLanguage\":\"fr-FR\"},{\"@type\":\"Person\",\"@id\":\"https:\/\/blog.solstis.ch\/#\/schema\/person\/5a9f5ef0a66b3e68c712ab62eeb4a1f9\",\"name\":\"admin\",\"image\":{\"@type\":\"ImageObject\",\"inLanguage\":\"fr-FR\",\"@id\":\"https:\/\/blog.solstis.ch\/#\/schema\/person\/image\/\",\"url\":\"https:\/\/secure.gravatar.com\/avatar\/8ba8fd08281e45cafc408887276f0396?s=96&d=mm&r=g\",\"contentUrl\":\"https:\/\/secure.gravatar.com\/avatar\/8ba8fd08281e45cafc408887276f0396?s=96&d=mm&r=g\",\"caption\":\"admin\"},\"url\":\"https:\/\/blog.solstis.ch\/index.php\/author\/admin\/\"}]}<\/script>\n<!-- \/ Yoast SEO plugin. -->","yoast_head_json":{"title":"A quoi ressemblera le secteur de l'\u00e9nergie dans 30 ans ? - Solstis","robots":{"index":"index","follow":"follow","max-snippet":"max-snippet:-1","max-image-preview":"max-image-preview:large","max-video-preview":"max-video-preview:-1"},"canonical":"https:\/\/blog.solstis.ch\/index.php\/fr\/2018\/07\/09\/a-quoi-ressemblera-le-secteur-de-lenergie-dans-30-ans\/","og_locale":"fr_FR","og_type":"article","og_title":"A quoi ressemblera le secteur de l'\u00e9nergie dans 30 ans ? - Solstis","og_description":"Les nouveaux mix \u00e9lectriques seront sans carbone, et comp\u00e9titifs par rapport au thermique fossile car les nouvelles capacit\u00e9s seront tr\u00e8s [&hellip;]","og_url":"https:\/\/blog.solstis.ch\/index.php\/fr\/2018\/07\/09\/a-quoi-ressemblera-le-secteur-de-lenergie-dans-30-ans\/","og_site_name":"Solstis","article_published_time":"2018-07-09T11:02:01+00:00","article_modified_time":"2018-09-17T11:42:31+00:00","og_image":[{"width":1200,"height":800,"url":"https:\/\/blog.solstis.ch\/wp-content\/uploads\/2016\/09\/e\u0301olienphotovoltai\u0308que.jpg","type":"image\/jpeg"}],"author":"admin","twitter_card":"summary_large_image","twitter_misc":{"\u00c9crit par":"admin"},"schema":{"@context":"https:\/\/schema.org","@graph":[{"@type":"WebPage","@id":"https:\/\/blog.solstis.ch\/index.php\/fr\/2018\/07\/09\/a-quoi-ressemblera-le-secteur-de-lenergie-dans-30-ans\/","url":"https:\/\/blog.solstis.ch\/index.php\/fr\/2018\/07\/09\/a-quoi-ressemblera-le-secteur-de-lenergie-dans-30-ans\/","name":"A quoi ressemblera le secteur de l'\u00e9nergie dans 30 ans ? - Solstis","isPartOf":{"@id":"https:\/\/blog.solstis.ch\/#website"},"primaryImageOfPage":{"@id":"https:\/\/blog.solstis.ch\/index.php\/fr\/2018\/07\/09\/a-quoi-ressemblera-le-secteur-de-lenergie-dans-30-ans\/#primaryimage"},"image":{"@id":"https:\/\/blog.solstis.ch\/index.php\/fr\/2018\/07\/09\/a-quoi-ressemblera-le-secteur-de-lenergie-dans-30-ans\/#primaryimage"},"thumbnailUrl":"https:\/\/blog.solstis.ch\/wp-content\/uploads\/2016\/09\/e\u0301olienphotovoltai\u0308que.jpg","datePublished":"2018-07-09T11:02:01+00:00","dateModified":"2018-09-17T11:42:31+00:00","author":{"@id":"https:\/\/blog.solstis.ch\/#\/schema\/person\/5a9f5ef0a66b3e68c712ab62eeb4a1f9"},"breadcrumb":{"@id":"https:\/\/blog.solstis.ch\/index.php\/fr\/2018\/07\/09\/a-quoi-ressemblera-le-secteur-de-lenergie-dans-30-ans\/#breadcrumb"},"inLanguage":"fr-FR","potentialAction":[{"@type":"ReadAction","target":["https:\/\/blog.solstis.ch\/index.php\/fr\/2018\/07\/09\/a-quoi-ressemblera-le-secteur-de-lenergie-dans-30-ans\/"]}]},{"@type":"ImageObject","inLanguage":"fr-FR","@id":"https:\/\/blog.solstis.ch\/index.php\/fr\/2018\/07\/09\/a-quoi-ressemblera-le-secteur-de-lenergie-dans-30-ans\/#primaryimage","url":"https:\/\/blog.solstis.ch\/wp-content\/uploads\/2016\/09\/e\u0301olienphotovoltai\u0308que.jpg","contentUrl":"https:\/\/blog.solstis.ch\/wp-content\/uploads\/2016\/09\/e\u0301olienphotovoltai\u0308que.jpg","width":1200,"height":800,"caption":"\u00e9olien photovolta\u00efque"},{"@type":"BreadcrumbList","@id":"https:\/\/blog.solstis.ch\/index.php\/fr\/2018\/07\/09\/a-quoi-ressemblera-le-secteur-de-lenergie-dans-30-ans\/#breadcrumb","itemListElement":[{"@type":"ListItem","position":1,"name":"Accueil","item":"https:\/\/blog.solstis.ch\/index.php\/fr\/blog\/"},{"@type":"ListItem","position":2,"name":"A quoi ressemblera le secteur de l&rsquo;\u00e9nergie dans 30 ans ?"}]},{"@type":"WebSite","@id":"https:\/\/blog.solstis.ch\/#website","url":"https:\/\/blog.solstis.ch\/","name":"Solstis","description":"Solstis, donner au monde l&#039;\u00e9nergie d&#039;\u00eatre durable.","potentialAction":[{"@type":"SearchAction","target":{"@type":"EntryPoint","urlTemplate":"https:\/\/blog.solstis.ch\/?s={search_term_string}"},"query-input":{"@type":"PropertyValueSpecification","valueRequired":true,"valueName":"search_term_string"}}],"inLanguage":"fr-FR"},{"@type":"Person","@id":"https:\/\/blog.solstis.ch\/#\/schema\/person\/5a9f5ef0a66b3e68c712ab62eeb4a1f9","name":"admin","image":{"@type":"ImageObject","inLanguage":"fr-FR","@id":"https:\/\/blog.solstis.ch\/#\/schema\/person\/image\/","url":"https:\/\/secure.gravatar.com\/avatar\/8ba8fd08281e45cafc408887276f0396?s=96&d=mm&r=g","contentUrl":"https:\/\/secure.gravatar.com\/avatar\/8ba8fd08281e45cafc408887276f0396?s=96&d=mm&r=g","caption":"admin"},"url":"https:\/\/blog.solstis.ch\/index.php\/author\/admin\/"}]}},"jetpack_sharing_enabled":true,"jetpack_featured_media_url":"https:\/\/blog.solstis.ch\/wp-content\/uploads\/2016\/09\/e\u0301olienphotovoltai\u0308que.jpg","jetpack_shortlink":"https:\/\/wp.me\/pa0tUs-ht","_links":{"self":[{"href":"https:\/\/blog.solstis.ch\/index.php\/wp-json\/wp\/v2\/posts\/1083","targetHints":{"allow":["GET"]}}],"collection":[{"href":"https:\/\/blog.solstis.ch\/index.php\/wp-json\/wp\/v2\/posts"}],"about":[{"href":"https:\/\/blog.solstis.ch\/index.php\/wp-json\/wp\/v2\/types\/post"}],"author":[{"embeddable":true,"href":"https:\/\/blog.solstis.ch\/index.php\/wp-json\/wp\/v2\/users\/1"}],"replies":[{"embeddable":true,"href":"https:\/\/blog.solstis.ch\/index.php\/wp-json\/wp\/v2\/comments?post=1083"}],"version-history":[{"count":1,"href":"https:\/\/blog.solstis.ch\/index.php\/wp-json\/wp\/v2\/posts\/1083\/revisions"}],"predecessor-version":[{"id":1084,"href":"https:\/\/blog.solstis.ch\/index.php\/wp-json\/wp\/v2\/posts\/1083\/revisions\/1084"}],"wp:featuredmedia":[{"embeddable":true,"href":"https:\/\/blog.solstis.ch\/index.php\/wp-json\/wp\/v2\/media\/549"}],"wp:attachment":[{"href":"https:\/\/blog.solstis.ch\/index.php\/wp-json\/wp\/v2\/media?parent=1083"}],"wp:term":[{"taxonomy":"category","embeddable":true,"href":"https:\/\/blog.solstis.ch\/index.php\/wp-json\/wp\/v2\/categories?post=1083"},{"taxonomy":"post_tag","embeddable":true,"href":"https:\/\/blog.solstis.ch\/index.php\/wp-json\/wp\/v2\/tags?post=1083"}],"curies":[{"name":"wp","href":"https:\/\/api.w.org\/{rel}","templated":true}]}}