{"id":102,"date":"2015-11-01T10:21:27","date_gmt":"2015-11-01T09:21:27","guid":{"rendered":"http:\/\/blog.solstis.ch\/?p=102"},"modified":"2021-09-23T09:03:44","modified_gmt":"2021-09-23T08:03:44","slug":"le-littoral-francais-speciale-edition","status":"publish","type":"post","link":"https:\/\/blog.solstis.ch\/index.php\/fr\/2015\/11\/01\/le-littoral-francais-speciale-edition\/","title":{"rendered":"Edito"},"content":{"rendered":"<p><strong>Lorsqu\u2019il y a 25 ans, nous avons fond\u00e9 Solstis, nous \u00e9tions loin de penser qu\u2019une vision portant sur l\u2019\u00e9co-responsabilit\u00e9 puisse \u00eatre le point de d\u00e9part d\u2019une si passionnante aventure entrepreneuriale. Partis \u00e0 deux, nous comptons aujourd\u2019hui pr\u00e8s de 80 collaborateurs et ne boudons pas notre plaisir de voir la marque Solstis bien install\u00e9e en leader du march\u00e9 suisse.<\/strong><\/p>\n<p>Si le soleil, lui, semble immuable \u2013 il ne l\u2019est pas, se r\u00e9duisant d\u2019un m\u00e8tre par heure \u2014 la technologie associ\u00e9e \u00e0 l\u2019\u00e9nergie solaire ne cesse d\u2019\u00e9voluer\u00a0; notre m\u00e9tier, de l\u2019\u00e9tude \u00e0 la pose, fait des pas de g\u00e9ant d\u2019ann\u00e9e en ann\u00e9e, gr\u00e2ce \u00e0 l\u2019informatique, \u00e0 l\u2019\u00e9mergence de nouveaux mat\u00e9riaux et aux progr\u00e8s de la technique du b\u00e2timent. Aussi, nous a t-il paru judicieux de lancer une plateforme de communication d\u00e9di\u00e9e \u00e0 la vie de notre entreprise, mais aussi et surtout \u00e0 un secteur d\u2019activit\u00e9 offrant un tr\u00e8s large spectre d\u2019informations.<\/p>\n<p>Nous aborderons chaque mois des sujets vari\u00e9s, d\u00e9passant la dimension commerciale et parfois les fronti\u00e8res de la Suisse. Avec ce blog, nous esp\u00e9rons vous compter parmi nos fid\u00e8les lecteurs et pourquoi pas contributeurs, dans l\u2019une de nos colonnes.<\/p>\n<p>Nous vous souhaitons une agr\u00e9able lecture\u00a0!<\/p>\n<p>Jacques Bonvin et Pascal Affolter<\/p>\n","protected":false},"excerpt":{"rendered":"<p>Lorsqu\u2019il y a 25 ans, nous avons fond\u00e9 Solstis, nous \u00e9tions loin de penser qu\u2019une vision portant sur l\u2019\u00e9co-responsabilit\u00e9 puisse [&hellip;]<\/p>\n","protected":false},"author":1,"featured_media":452,"comment_status":"open","ping_status":"open","sticky":false,"template":"","format":"standard","meta":{"jetpack_post_was_ever_published":false,"_jetpack_newsletter_access":"","_jetpack_dont_email_post_to_subs":false,"_jetpack_newsletter_tier_id":0,"_jetpack_memberships_contains_paywalled_content":false,"_jetpack_memberships_contains_paid_content":false,"footnotes":"","jetpack_publicize_message":"","jetpack_publicize_feature_enabled":true,"jetpack_social_post_already_shared":false,"jetpack_social_options":{"image_generator_settings":{"template":"highway","enabled":false},"version":2}},"categories":[115],"tags":[],"class_list":["post-102","post","type-post","status-publish","format-standard","has-post-thumbnail","hentry","category-actualite"],"jetpack_publicize_connections":[],"yoast_head":"<!-- This site is optimized with the Yoast SEO plugin v23.8 - https:\/\/yoast.com\/wordpress\/plugins\/seo\/ -->\n<title>Edito - Solstis<\/title>\n<meta name=\"description\" content=\"Lorsqu\u2019il y a 15 ans, nous\u00a0avons fond\u00e9 Solstis, nous \u00e9tions loin de penser qu\u2019une vision portant sur l\u2019\u00e9co-responsabilit\u00e9\u00a0puisse \u00eatre un point de d\u00e9part.\" \/>\n<meta name=\"robots\" content=\"index, follow, max-snippet:-1, max-image-preview:large, max-video-preview:-1\" \/>\n<link rel=\"canonical\" href=\"https:\/\/blog.solstis.ch\/index.php\/fr\/2015\/11\/01\/le-littoral-francais-speciale-edition\/\" \/>\n<meta property=\"og:locale\" content=\"fr_FR\" \/>\n<meta property=\"og:type\" content=\"article\" \/>\n<meta property=\"og:title\" content=\"Edito - Solstis\" \/>\n<meta property=\"og:description\" content=\"Lorsqu\u2019il y a 15 ans, nous\u00a0avons fond\u00e9 Solstis, nous \u00e9tions loin de penser qu\u2019une vision portant sur l\u2019\u00e9co-responsabilit\u00e9\u00a0puisse \u00eatre un point de d\u00e9part.\" \/>\n<meta property=\"og:url\" content=\"https:\/\/blog.solstis.ch\/index.php\/fr\/2015\/11\/01\/le-littoral-francais-speciale-edition\/\" \/>\n<meta property=\"og:site_name\" content=\"Solstis\" \/>\n<meta property=\"article:published_time\" content=\"2015-11-01T09:21:27+00:00\" \/>\n<meta property=\"article:modified_time\" content=\"2021-09-23T08:03:44+00:00\" \/>\n<meta property=\"og:image\" content=\"https:\/\/blog.solstis.ch\/wp-content\/uploads\/2015\/11\/SolstisPhotoEdito.jpg\" \/>\n\t<meta property=\"og:image:width\" content=\"726\" \/>\n\t<meta property=\"og:image:height\" content=\"933\" \/>\n\t<meta property=\"og:image:type\" content=\"image\/jpeg\" \/>\n<meta name=\"author\" content=\"admin\" \/>\n<meta name=\"twitter:card\" content=\"summary_large_image\" \/>\n<meta name=\"twitter:label1\" content=\"\u00c9crit par\" \/>\n\t<meta name=\"twitter:data1\" content=\"admin\" \/>\n\t<meta name=\"twitter:label2\" content=\"Dur\u00e9e de lecture estim\u00e9e\" \/>\n\t<meta name=\"twitter:data2\" content=\"1 minute\" \/>\n<script type=\"application\/ld+json\" class=\"yoast-schema-graph\">{\"@context\":\"https:\/\/schema.org\",\"@graph\":[{\"@type\":\"WebPage\",\"@id\":\"https:\/\/blog.solstis.ch\/index.php\/fr\/2015\/11\/01\/le-littoral-francais-speciale-edition\/\",\"url\":\"https:\/\/blog.solstis.ch\/index.php\/fr\/2015\/11\/01\/le-littoral-francais-speciale-edition\/\",\"name\":\"Edito - Solstis\",\"isPartOf\":{\"@id\":\"https:\/\/blog.solstis.ch\/#website\"},\"primaryImageOfPage\":{\"@id\":\"https:\/\/blog.solstis.ch\/index.php\/fr\/2015\/11\/01\/le-littoral-francais-speciale-edition\/#primaryimage\"},\"image\":{\"@id\":\"https:\/\/blog.solstis.ch\/index.php\/fr\/2015\/11\/01\/le-littoral-francais-speciale-edition\/#primaryimage\"},\"thumbnailUrl\":\"https:\/\/blog.solstis.ch\/wp-content\/uploads\/2015\/11\/SolstisPhotoEdito.jpg\",\"datePublished\":\"2015-11-01T09:21:27+00:00\",\"dateModified\":\"2021-09-23T08:03:44+00:00\",\"author\":{\"@id\":\"https:\/\/blog.solstis.ch\/#\/schema\/person\/5a9f5ef0a66b3e68c712ab62eeb4a1f9\"},\"description\":\"Lorsqu\u2019il y a 15 ans, nous\u00a0avons fond\u00e9 Solstis, nous \u00e9tions loin de penser qu\u2019une vision portant sur l\u2019\u00e9co-responsabilit\u00e9\u00a0puisse \u00eatre un point de d\u00e9part.\",\"breadcrumb\":{\"@id\":\"https:\/\/blog.solstis.ch\/index.php\/fr\/2015\/11\/01\/le-littoral-francais-speciale-edition\/#breadcrumb\"},\"inLanguage\":\"fr-FR\",\"potentialAction\":[{\"@type\":\"ReadAction\",\"target\":[\"https:\/\/blog.solstis.ch\/index.php\/fr\/2015\/11\/01\/le-littoral-francais-speciale-edition\/\"]}]},{\"@type\":\"ImageObject\",\"inLanguage\":\"fr-FR\",\"@id\":\"https:\/\/blog.solstis.ch\/index.php\/fr\/2015\/11\/01\/le-littoral-francais-speciale-edition\/#primaryimage\",\"url\":\"https:\/\/blog.solstis.ch\/wp-content\/uploads\/2015\/11\/SolstisPhotoEdito.jpg\",\"contentUrl\":\"https:\/\/blog.solstis.ch\/wp-content\/uploads\/2015\/11\/SolstisPhotoEdito.jpg\",\"width\":726,\"height\":933},{\"@type\":\"BreadcrumbList\",\"@id\":\"https:\/\/blog.solstis.ch\/index.php\/fr\/2015\/11\/01\/le-littoral-francais-speciale-edition\/#breadcrumb\",\"itemListElement\":[{\"@type\":\"ListItem\",\"position\":1,\"name\":\"Accueil\",\"item\":\"https:\/\/blog.solstis.ch\/index.php\/fr\/blog\/\"},{\"@type\":\"ListItem\",\"position\":2,\"name\":\"Edito\"}]},{\"@type\":\"WebSite\",\"@id\":\"https:\/\/blog.solstis.ch\/#website\",\"url\":\"https:\/\/blog.solstis.ch\/\",\"name\":\"Solstis\",\"description\":\"Solstis, donner au monde l&#039;\u00e9nergie d&#039;\u00eatre durable.\",\"potentialAction\":[{\"@type\":\"SearchAction\",\"target\":{\"@type\":\"EntryPoint\",\"urlTemplate\":\"https:\/\/blog.solstis.ch\/?s={search_term_string}\"},\"query-input\":{\"@type\":\"PropertyValueSpecification\",\"valueRequired\":true,\"valueName\":\"search_term_string\"}}],\"inLanguage\":\"fr-FR\"},{\"@type\":\"Person\",\"@id\":\"https:\/\/blog.solstis.ch\/#\/schema\/person\/5a9f5ef0a66b3e68c712ab62eeb4a1f9\",\"name\":\"admin\",\"image\":{\"@type\":\"ImageObject\",\"inLanguage\":\"fr-FR\",\"@id\":\"https:\/\/blog.solstis.ch\/#\/schema\/person\/image\/\",\"url\":\"https:\/\/secure.gravatar.com\/avatar\/8ba8fd08281e45cafc408887276f0396?s=96&d=mm&r=g\",\"contentUrl\":\"https:\/\/secure.gravatar.com\/avatar\/8ba8fd08281e45cafc408887276f0396?s=96&d=mm&r=g\",\"caption\":\"admin\"},\"url\":\"https:\/\/blog.solstis.ch\/index.php\/author\/admin\/\"}]}<\/script>\n<!-- \/ Yoast SEO plugin. -->","yoast_head_json":{"title":"Edito - Solstis","description":"Lorsqu\u2019il y a 15 ans, nous\u00a0avons fond\u00e9 Solstis, nous \u00e9tions loin de penser qu\u2019une vision portant sur l\u2019\u00e9co-responsabilit\u00e9\u00a0puisse \u00eatre un point de d\u00e9part.","robots":{"index":"index","follow":"follow","max-snippet":"max-snippet:-1","max-image-preview":"max-image-preview:large","max-video-preview":"max-video-preview:-1"},"canonical":"https:\/\/blog.solstis.ch\/index.php\/fr\/2015\/11\/01\/le-littoral-francais-speciale-edition\/","og_locale":"fr_FR","og_type":"article","og_title":"Edito - Solstis","og_description":"Lorsqu\u2019il y a 15 ans, nous\u00a0avons fond\u00e9 Solstis, nous \u00e9tions loin de penser qu\u2019une vision portant sur l\u2019\u00e9co-responsabilit\u00e9\u00a0puisse \u00eatre un point de d\u00e9part.","og_url":"https:\/\/blog.solstis.ch\/index.php\/fr\/2015\/11\/01\/le-littoral-francais-speciale-edition\/","og_site_name":"Solstis","article_published_time":"2015-11-01T09:21:27+00:00","article_modified_time":"2021-09-23T08:03:44+00:00","og_image":[{"width":726,"height":933,"url":"https:\/\/blog.solstis.ch\/wp-content\/uploads\/2015\/11\/SolstisPhotoEdito.jpg","type":"image\/jpeg"}],"author":"admin","twitter_card":"summary_large_image","twitter_misc":{"\u00c9crit par":"admin","Dur\u00e9e de lecture estim\u00e9e":"1 minute"},"schema":{"@context":"https:\/\/schema.org","@graph":[{"@type":"WebPage","@id":"https:\/\/blog.solstis.ch\/index.php\/fr\/2015\/11\/01\/le-littoral-francais-speciale-edition\/","url":"https:\/\/blog.solstis.ch\/index.php\/fr\/2015\/11\/01\/le-littoral-francais-speciale-edition\/","name":"Edito - Solstis","isPartOf":{"@id":"https:\/\/blog.solstis.ch\/#website"},"primaryImageOfPage":{"@id":"https:\/\/blog.solstis.ch\/index.php\/fr\/2015\/11\/01\/le-littoral-francais-speciale-edition\/#primaryimage"},"image":{"@id":"https:\/\/blog.solstis.ch\/index.php\/fr\/2015\/11\/01\/le-littoral-francais-speciale-edition\/#primaryimage"},"thumbnailUrl":"https:\/\/blog.solstis.ch\/wp-content\/uploads\/2015\/11\/SolstisPhotoEdito.jpg","datePublished":"2015-11-01T09:21:27+00:00","dateModified":"2021-09-23T08:03:44+00:00","author":{"@id":"https:\/\/blog.solstis.ch\/#\/schema\/person\/5a9f5ef0a66b3e68c712ab62eeb4a1f9"},"description":"Lorsqu\u2019il y a 15 ans, nous\u00a0avons fond\u00e9 Solstis, nous \u00e9tions loin de penser qu\u2019une vision portant sur l\u2019\u00e9co-responsabilit\u00e9\u00a0puisse \u00eatre un point de d\u00e9part.","breadcrumb":{"@id":"https:\/\/blog.solstis.ch\/index.php\/fr\/2015\/11\/01\/le-littoral-francais-speciale-edition\/#breadcrumb"},"inLanguage":"fr-FR","potentialAction":[{"@type":"ReadAction","target":["https:\/\/blog.solstis.ch\/index.php\/fr\/2015\/11\/01\/le-littoral-francais-speciale-edition\/"]}]},{"@type":"ImageObject","inLanguage":"fr-FR","@id":"https:\/\/blog.solstis.ch\/index.php\/fr\/2015\/11\/01\/le-littoral-francais-speciale-edition\/#primaryimage","url":"https:\/\/blog.solstis.ch\/wp-content\/uploads\/2015\/11\/SolstisPhotoEdito.jpg","contentUrl":"https:\/\/blog.solstis.ch\/wp-content\/uploads\/2015\/11\/SolstisPhotoEdito.jpg","width":726,"height":933},{"@type":"BreadcrumbList","@id":"https:\/\/blog.solstis.ch\/index.php\/fr\/2015\/11\/01\/le-littoral-francais-speciale-edition\/#breadcrumb","itemListElement":[{"@type":"ListItem","position":1,"name":"Accueil","item":"https:\/\/blog.solstis.ch\/index.php\/fr\/blog\/"},{"@type":"ListItem","position":2,"name":"Edito"}]},{"@type":"WebSite","@id":"https:\/\/blog.solstis.ch\/#website","url":"https:\/\/blog.solstis.ch\/","name":"Solstis","description":"Solstis, donner au monde l&#039;\u00e9nergie d&#039;\u00eatre durable.","potentialAction":[{"@type":"SearchAction","target":{"@type":"EntryPoint","urlTemplate":"https:\/\/blog.solstis.ch\/?s={search_term_string}"},"query-input":{"@type":"PropertyValueSpecification","valueRequired":true,"valueName":"search_term_string"}}],"inLanguage":"fr-FR"},{"@type":"Person","@id":"https:\/\/blog.solstis.ch\/#\/schema\/person\/5a9f5ef0a66b3e68c712ab62eeb4a1f9","name":"admin","image":{"@type":"ImageObject","inLanguage":"fr-FR","@id":"https:\/\/blog.solstis.ch\/#\/schema\/person\/image\/","url":"https:\/\/secure.gravatar.com\/avatar\/8ba8fd08281e45cafc408887276f0396?s=96&d=mm&r=g","contentUrl":"https:\/\/secure.gravatar.com\/avatar\/8ba8fd08281e45cafc408887276f0396?s=96&d=mm&r=g","caption":"admin"},"url":"https:\/\/blog.solstis.ch\/index.php\/author\/admin\/"}]}},"jetpack_sharing_enabled":true,"jetpack_featured_media_url":"https:\/\/blog.solstis.ch\/wp-content\/uploads\/2015\/11\/SolstisPhotoEdito.jpg","jetpack_shortlink":"https:\/\/wp.me\/pa0tUs-1E","_links":{"self":[{"href":"https:\/\/blog.solstis.ch\/index.php\/wp-json\/wp\/v2\/posts\/102","targetHints":{"allow":["GET"]}}],"collection":[{"href":"https:\/\/blog.solstis.ch\/index.php\/wp-json\/wp\/v2\/posts"}],"about":[{"href":"https:\/\/blog.solstis.ch\/index.php\/wp-json\/wp\/v2\/types\/post"}],"author":[{"embeddable":true,"href":"https:\/\/blog.solstis.ch\/index.php\/wp-json\/wp\/v2\/users\/1"}],"replies":[{"embeddable":true,"href":"https:\/\/blog.solstis.ch\/index.php\/wp-json\/wp\/v2\/comments?post=102"}],"version-history":[{"count":8,"href":"https:\/\/blog.solstis.ch\/index.php\/wp-json\/wp\/v2\/posts\/102\/revisions"}],"predecessor-version":[{"id":1486,"href":"https:\/\/blog.solstis.ch\/index.php\/wp-json\/wp\/v2\/posts\/102\/revisions\/1486"}],"wp:featuredmedia":[{"embeddable":true,"href":"https:\/\/blog.solstis.ch\/index.php\/wp-json\/wp\/v2\/media\/452"}],"wp:attachment":[{"href":"https:\/\/blog.solstis.ch\/index.php\/wp-json\/wp\/v2\/media?parent=102"}],"wp:term":[{"taxonomy":"category","embeddable":true,"href":"https:\/\/blog.solstis.ch\/index.php\/wp-json\/wp\/v2\/categories?post=102"},{"taxonomy":"post_tag","embeddable":true,"href":"https:\/\/blog.solstis.ch\/index.php\/wp-json\/wp\/v2\/tags?post=102"}],"curies":[{"name":"wp","href":"https:\/\/api.w.org\/{rel}","templated":true}]}}